{"id":57383,"date":"2020-12-09T19:39:11","date_gmt":"2020-12-09T19:39:11","guid":{"rendered":"http:\/\/goiasemtempo.com.br\/home\/?p=57383"},"modified":"2020-12-09T19:39:14","modified_gmt":"2020-12-09T19:39:14","slug":"sindicato-dos-frentistas-de-goias-declara-greve","status":"publish","type":"post","link":"https:\/\/goiasemtempo.com.br\/home\/sindicato-dos-frentistas-de-goias-declara-greve\/","title":{"rendered":"Sindicato dos Frentistas de Goi\u00e1s declara Greve"},"content":{"rendered":"\n<p class=\"wp-block-paragraph\">Os associados do\u00a0<a rel=\"noreferrer noopener\" href=\"https:\/\/www.sinpospetrogo.com.br\/\" target=\"_blank\"><strong>Sindicato dos Empregados em Postos de Servi\u00e7os de Combust\u00edveis e Derivados de Petr\u00f3leo de Goi\u00e1s<\/strong><\/a>\u00a0(Sinpospetro) decidiram em assembleia, na tarde desta quarta-feira (9), iniciar o est\u00e1gio de\u00a0<strong>movimento de greve<\/strong>. Segundo o presidente do Sinpospetro,\u00a0<strong>H\u00e9lio Ara\u00fajo<\/strong>, agora todos os \u00f3rg\u00e3os competentes ser\u00e3o notificados, inclusive o sindicato patronal, a fim de tentar, mais uma vez, retomar as negocia\u00e7\u00f5es.<\/p>\n\n\n\n<p class=\"wp-block-paragraph\">\u201cAssim que notificados, aguardaremos a resposta. Se n\u00e3o houver tentativa de negocia\u00e7\u00e3o, passaremos para o trabalho de mobiliza\u00e7\u00e3o de greve.\u201d&nbsp;<strong>O encontro teve cerca de 15 pessoas presencialmente e 235 virtualmente<\/strong>.<\/p>\n\n\n\n<p class=\"wp-block-paragraph\">As&nbsp;<strong>principais reivindica\u00e7\u00f5es da categoria<\/strong>&nbsp;\u2013 que inclui frentistas, gerentes, auxiliares e funcion\u00e1rios de lojas de conveni\u00eancia de postos de combust\u00edveis \u2013 s\u00e3o benef\u00edcios perdidos como a cesta b\u00e1sica e plano odontol\u00f3gico, al\u00e9m da data-base, que \u00e9 negociada desde mar\u00e7o \u2013 per\u00edodo que deveria ter havido o reajuste. H\u00e9lio relembra que tiveram seis rodadas de negocia\u00e7\u00e3o com o sindicato patronal, al\u00e9m de outras quatro com o Minist\u00e9rio P\u00fablico e n\u00e3o houve acordo.<img loading=\"lazy\" decoding=\"async\" alt=\"\" width=\"640\" height=\"522\" srcset=\"https:\/\/www.emaisgoias.com.br\/wp-content\/uploads\/2020\/12\/WhatsApp-Image-2020-12-09-at-15.19.02.jpeg 1187w, https:\/\/www.emaisgoias.com.br\/wp-content\/uploads\/2020\/12\/WhatsApp-Image-2020-12-09-at-15.19.02-1024x835.jpeg 1024w\" src=\"https:\/\/www.emaisgoias.com.br\/wp-content\/uploads\/2020\/12\/WhatsApp-Image-2020-12-09-at-15.19.02.jpeg\"><\/p>\n\n\n\n<p class=\"wp-block-paragraph\" id=\"caption-attachment-313665\">Presidente do Sinpospetro H\u00e9lio Ara\u00fajo (Foto: Jucimar de Sousa)<\/p>\n\n\n\n<p class=\"wp-block-paragraph\">Atualmente,&nbsp;<strong>s\u00e3o cerca de 1,7 mil postos que podem ser afetados na regi\u00e3o metropolitana<\/strong>. Se todo o Estado aderir,&nbsp;<strong>3 mil unidades podem ser atingidas<\/strong>. H\u00e9lio, contudo, afirma que o engajamento ainda n\u00e3o pode ser estimado.<\/p>\n\n\n\n<p class=\"wp-block-paragraph\">\u201cAinda n\u00e3o temos essa magnitude. Contamos com a Federa\u00e7\u00e3o Nacional dos Postos de Combust\u00edvel, que se reunir\u00e1 conosco na pr\u00f3xima semana para mapear o movimento, como ser\u00e1 feito e onde, em qual cidade\u2026 Tudo vai depender da movimenta\u00e7\u00e3o da Federa\u00e7\u00e3o junto com a gente.\u201d<\/p>\n\n\n\n<p class=\"wp-block-paragraph\">Francisco Costa\/Mgoi\u00e1s<img loading=\"lazy\" decoding=\"async\" width=\"1215\" height=\"1004\" srcset=\"https:\/\/www.emaisgoias.com.br\/wp-content\/uploads\/2020\/12\/WhatsApp-Image-2020-12-09-at-15.17.33.jpeg 1215w, https:\/\/www.emaisgoias.com.br\/wp-content\/uploads\/2020\/12\/WhatsApp-Image-2020-12-09-at-15.17.33-1024x846.jpeg 1024w\" alt=\"\" src=\"https:\/\/www.emaisgoias.com.br\/wp-content\/uploads\/2020\/12\/WhatsApp-Image-2020-12-09-at-15.17.33.jpeg\"><\/p>\n","protected":false},"excerpt":{"rendered":"<p>Os associados do\u00a0Sindicato dos Empregados em Postos de Servi\u00e7os de Combust\u00edveis e Derivados de Petr\u00f3leo de Goi\u00e1s\u00a0(Sinpospetro) decidiram em assembleia, na tarde desta quarta-feira (9), iniciar o est\u00e1gio de\u00a0movimento de greve. Segundo o presidente do Sinpospetro,\u00a0H\u00e9lio Ara\u00fajo, agora todos os \u00f3rg\u00e3os competentes ser\u00e3o notificados, inclusive o sindicato patronal, a fim de tentar, mais uma vez, &hellip;<\/p>\n","protected":false},"author":3,"featured_media":57384,"comment_status":"open","ping_status":"open","sticky":false,"template":"","format":"standard","meta":{"footnotes":""},"categories":[4],"tags":[],"class_list":["post-57383","post","type-post","status-publish","format-standard","has-post-thumbnail","hentry","category-ultimas-noticias"],"_links":{"self":[{"href":"https:\/\/goiasemtempo.com.br\/home\/wp-json\/wp\/v2\/posts\/57383","targetHints":{"allow":["GET"]}}],"collection":[{"href":"https:\/\/goiasemtempo.com.br\/home\/wp-json\/wp\/v2\/posts"}],"about":[{"href":"https:\/\/goiasemtempo.com.br\/home\/wp-json\/wp\/v2\/types\/post"}],"author":[{"embeddable":true,"href":"https:\/\/goiasemtempo.com.br\/home\/wp-json\/wp\/v2\/users\/3"}],"replies":[{"embeddable":true,"href":"https:\/\/goiasemtempo.com.br\/home\/wp-json\/wp\/v2\/comments?post=57383"}],"version-history":[{"count":1,"href":"https:\/\/goiasemtempo.com.br\/home\/wp-json\/wp\/v2\/posts\/57383\/revisions"}],"predecessor-version":[{"id":57385,"href":"https:\/\/goiasemtempo.com.br\/home\/wp-json\/wp\/v2\/posts\/57383\/revisions\/57385"}],"wp:featuredmedia":[{"embeddable":true,"href":"https:\/\/goiasemtempo.com.br\/home\/wp-json\/wp\/v2\/media\/57384"}],"wp:attachment":[{"href":"https:\/\/goiasemtempo.com.br\/home\/wp-json\/wp\/v2\/media?parent=57383"}],"wp:term":[{"taxonomy":"category","embeddable":true,"href":"https:\/\/goiasemtempo.com.br\/home\/wp-json\/wp\/v2\/categories?post=57383"},{"taxonomy":"post_tag","embeddable":true,"href":"https:\/\/goiasemtempo.com.br\/home\/wp-json\/wp\/v2\/tags?post=57383"}],"curies":[{"name":"wp","href":"https:\/\/api.w.org\/{rel}","templated":true}]}}