{"id":57349,"date":"2020-11-25T22:13:14","date_gmt":"2020-11-25T22:13:14","guid":{"rendered":"http:\/\/goiasemtempo.com.br\/home\/?p=57349"},"modified":"2020-11-25T22:17:24","modified_gmt":"2020-11-25T22:17:24","slug":"vereador-derrotado-nas-urnas-de-anapolis-apresenta-requerimentos-solicitando-informacoes-sobre-a-guarda-das-urnas-no-primeiro-turno-das-eleicoes-na-cidade","status":"publish","type":"post","link":"https:\/\/goiasemtempo.com.br\/home\/vereador-derrotado-nas-urnas-de-anapolis-apresenta-requerimentos-solicitando-informacoes-sobre-a-guarda-das-urnas-no-primeiro-turno-das-eleicoes-na-cidade\/","title":{"rendered":"Vereador derrotado em An\u00e1polis faz requerimento solicitando informa\u00e7\u00f5es sobre guarda das urnas das elei\u00e7\u00f5es na cidade"},"content":{"rendered":"<p>Derrotado nas urnas para continua\u00e7\u00e3o no mandato de vereador para os pr\u00f3ximos quatro anos, o vereador L\u00e9lio Alvarenga (PSC) apresentou tr\u00eas requerimentos solicitando informa\u00e7\u00f5es sobre a guarda das urna eletr\u00f4nicas utilizadas no primeiro turno das elei\u00e7\u00f5es 2020.<\/p>\n<p>Os documentos ser\u00e3o encaminhados ao comandante da Pol\u00edcia Militar em An\u00e1polis, tenente coronel Paulo Roberto de Oliveira, ao ju\u00edz eleitoral de An\u00e1polis, Carlos Limongi Sterse e ainda ao delegado da Pol\u00edcia Federal Ant\u00f4nio Jos\u00e9 dos Santos.<\/p>\n<p>O vereador justificou que sua ideia \u00e9 buscar esclarecer e preservar a integridade das elei\u00e7\u00f5es municipais. Segundo ele, a escolta das urnas eletr\u00f4nicas n\u00e3o foram feitas por policiais militares como acontecia nos pleitos anteriores.<\/p>\n<p>L\u00e9lio tamb\u00e9m tamb\u00e9m denunciou na tribuna que tem imagens de cabos eleitorais fazendo boca de urnas e ainda comprando votos no dia 15 de novembro, data que aconteceu o primeiro turno do pleito 2020. O vereador disse que caso o TRE queira, ele entrega os v\u00eddeos.<\/p>\n<p>&#8211; &#8220;Se o TRE quiser, vai na Santa Isabel, na Boa Vista pega as imagens e vai ver os cabos eleitorais fazendo boca de urna&#8221;, declarou.<\/p>\n<p>Com informa\u00e7\u00f5es do site An\u00e1polis 360\/ Ag\u00eancia de Not\u00edcias\/<\/p>\n<p>&nbsp;<\/p>\n","protected":false},"excerpt":{"rendered":"<p>Derrotado nas urnas para continua\u00e7\u00e3o no mandato de vereador para os pr\u00f3ximos quatro anos, o vereador L\u00e9lio Alvarenga (PSC) apresentou tr\u00eas requerimentos solicitando informa\u00e7\u00f5es sobre a guarda das urna eletr\u00f4nicas utilizadas no primeiro turno das elei\u00e7\u00f5es 2020. Os documentos ser\u00e3o encaminhados ao comandante da Pol\u00edcia Militar em An\u00e1polis, tenente coronel Paulo Roberto de Oliveira, ao &hellip;<\/p>\n","protected":false},"author":3,"featured_media":57354,"comment_status":"open","ping_status":"open","sticky":false,"template":"","format":"standard","meta":{"_exactmetrics_skip_tracking":false,"_exactmetrics_sitenote_active":false,"_exactmetrics_sitenote_note":"","_exactmetrics_sitenote_category":0,"footnotes":""},"categories":[18,30,19],"tags":[],"_links":{"self":[{"href":"https:\/\/goiasemtempo.com.br\/home\/wp-json\/wp\/v2\/posts\/57349"}],"collection":[{"href":"https:\/\/goiasemtempo.com.br\/home\/wp-json\/wp\/v2\/posts"}],"about":[{"href":"https:\/\/goiasemtempo.com.br\/home\/wp-json\/wp\/v2\/types\/post"}],"author":[{"embeddable":true,"href":"https:\/\/goiasemtempo.com.br\/home\/wp-json\/wp\/v2\/users\/3"}],"replies":[{"embeddable":true,"href":"https:\/\/goiasemtempo.com.br\/home\/wp-json\/wp\/v2\/comments?post=57349"}],"version-history":[{"count":3,"href":"https:\/\/goiasemtempo.com.br\/home\/wp-json\/wp\/v2\/posts\/57349\/revisions"}],"predecessor-version":[{"id":57353,"href":"https:\/\/goiasemtempo.com.br\/home\/wp-json\/wp\/v2\/posts\/57349\/revisions\/57353"}],"wp:featuredmedia":[{"embeddable":true,"href":"https:\/\/goiasemtempo.com.br\/home\/wp-json\/wp\/v2\/media\/57354"}],"wp:attachment":[{"href":"https:\/\/goiasemtempo.com.br\/home\/wp-json\/wp\/v2\/media?parent=57349"}],"wp:term":[{"taxonomy":"category","embeddable":true,"href":"https:\/\/goiasemtempo.com.br\/home\/wp-json\/wp\/v2\/categories?post=57349"},{"taxonomy":"post_tag","embeddable":true,"href":"https:\/\/goiasemtempo.com.br\/home\/wp-json\/wp\/v2\/tags?post=57349"}],"curies":[{"name":"wp","href":"https:\/\/api.w.org\/{rel}","templated":true}]}}