{"id":57097,"date":"2020-10-26T18:45:12","date_gmt":"2020-10-26T18:45:12","guid":{"rendered":"http:\/\/goiasemtempo.com.br\/home\/?p=57097"},"modified":"2020-10-26T18:48:03","modified_gmt":"2020-10-26T18:48:03","slug":"repercussao-positiva-marca-iniciativa-do-movimento-parceiros-do-progresso-nas-maiores-cidades-de-goias","status":"publish","type":"post","link":"https:\/\/goiasemtempo.com.br\/home\/repercussao-positiva-marca-iniciativa-do-movimento-parceiros-do-progresso-nas-maiores-cidades-de-goias\/","title":{"rendered":"Repercuss\u00e3o positiva marca iniciativa do Movimento Parceiros do Progresso nas maiores cidades de Goi\u00e1s"},"content":{"rendered":"<p>Protocolado na \u00faltima quarta feira,21, o <strong>Fundo Municipal de Participa\u00e7\u00e3o do Cidad\u00e3o<\/strong> ,nas tr\u00eas maiores cidades de Goi\u00e1s nas c\u00e2maras municipais, atrav\u00e9s dos vereadores <strong>Sabrina Garc\u00eaz<\/strong> de <strong>Goi\u00e2nia<\/strong>, <strong>Jo\u00e3o Santana<\/strong> de <strong>Aparecida de Goi\u00e2nia,<\/strong> e <strong>Fernando Paiva<\/strong> em <strong>An\u00e1polis<\/strong>.<\/p>\n<p>A repercuss\u00e3o foi muito grande devido ao apoio recebido pela popula\u00e7\u00e3o nas cidades. Sugest\u00f5es como a <strong>Cozinha da Comunidade<\/strong> que tem o objetivo de produzir refei\u00e7\u00f5es di\u00e1rias, para al\u00e9m da garantia de acesso a uma refei\u00e7\u00e3o saud\u00e1vel e adequada para os que est\u00e3o em situa\u00e7\u00e3o de vulnerabilidade social e inseguran\u00e7a alimentar e nutricional na comunidade foram motivos de aplausos. Existem v\u00e1rias pessoas nos bairros que precisam desse projeto para receber essas refei\u00e7\u00f5es e tamb\u00e9m o cidad\u00e3o disposto a contribuir .<\/p>\n<p>Os gestores do Movimento Parceiros do Progresso <strong>Sebasti\u00e3o da Paz<\/strong> e <strong>Marco Ant\u00f4nio<\/strong> elogiaram a receptividade da popula\u00e7\u00e3o referente a implanta\u00e7\u00e3o do Fundo Municipal de Participa\u00e7\u00e3o do Cidad\u00e3o . Eles acreditam que seguindo esse caminho logo se tornar\u00e1 realidade esse projeto, principalmente com o engajamento do cidad\u00e3o empreendedor.<\/p>\n<p>Os diretores do Movimento, pedem aos que acreditam e necessitam do projeto, que participem das campanhas e <strong>votem nos vereadores<\/strong> que em primeira m\u00e3o levantam essa bandeira em suas cidades. &#8220;Precisamos dos gabinetes que priorizam o cidad\u00e3o em suas necessidades&#8221;. Ressaltaram os gestores.<\/p>\n","protected":false},"excerpt":{"rendered":"<p>Protocolado na \u00faltima quarta feira,21, o Fundo Municipal de Participa\u00e7\u00e3o do Cidad\u00e3o ,nas tr\u00eas maiores cidades de Goi\u00e1s nas c\u00e2maras municipais, atrav\u00e9s dos vereadores Sabrina Garc\u00eaz de Goi\u00e2nia, Jo\u00e3o Santana de Aparecida de Goi\u00e2nia, e Fernando Paiva em An\u00e1polis. A repercuss\u00e3o foi muito grande devido ao apoio recebido pela popula\u00e7\u00e3o nas cidades. Sugest\u00f5es como a &hellip;<\/p>\n","protected":false},"author":3,"featured_media":57098,"comment_status":"open","ping_status":"open","sticky":false,"template":"","format":"standard","meta":{"_exactmetrics_skip_tracking":false,"_exactmetrics_sitenote_active":false,"_exactmetrics_sitenote_note":"","_exactmetrics_sitenote_category":0,"footnotes":""},"categories":[7,443],"tags":[],"_links":{"self":[{"href":"https:\/\/goiasemtempo.com.br\/home\/wp-json\/wp\/v2\/posts\/57097"}],"collection":[{"href":"https:\/\/goiasemtempo.com.br\/home\/wp-json\/wp\/v2\/posts"}],"about":[{"href":"https:\/\/goiasemtempo.com.br\/home\/wp-json\/wp\/v2\/types\/post"}],"author":[{"embeddable":true,"href":"https:\/\/goiasemtempo.com.br\/home\/wp-json\/wp\/v2\/users\/3"}],"replies":[{"embeddable":true,"href":"https:\/\/goiasemtempo.com.br\/home\/wp-json\/wp\/v2\/comments?post=57097"}],"version-history":[{"count":4,"href":"https:\/\/goiasemtempo.com.br\/home\/wp-json\/wp\/v2\/posts\/57097\/revisions"}],"predecessor-version":[{"id":57102,"href":"https:\/\/goiasemtempo.com.br\/home\/wp-json\/wp\/v2\/posts\/57097\/revisions\/57102"}],"wp:featuredmedia":[{"embeddable":true,"href":"https:\/\/goiasemtempo.com.br\/home\/wp-json\/wp\/v2\/media\/57098"}],"wp:attachment":[{"href":"https:\/\/goiasemtempo.com.br\/home\/wp-json\/wp\/v2\/media?parent=57097"}],"wp:term":[{"taxonomy":"category","embeddable":true,"href":"https:\/\/goiasemtempo.com.br\/home\/wp-json\/wp\/v2\/categories?post=57097"},{"taxonomy":"post_tag","embeddable":true,"href":"https:\/\/goiasemtempo.com.br\/home\/wp-json\/wp\/v2\/tags?post=57097"}],"curies":[{"name":"wp","href":"https:\/\/api.w.org\/{rel}","templated":true}]}}