{"id":5674,"date":"2017-12-25T03:06:35","date_gmt":"2017-12-25T03:06:35","guid":{"rendered":"http:\/\/goiasemtempo.com.br\/home\/?p=5674"},"modified":"2017-12-25T03:06:35","modified_gmt":"2017-12-25T03:06:35","slug":"papa-francisco-apela-por-desarmamento-nuclear","status":"publish","type":"post","link":"https:\/\/goiasemtempo.com.br\/home\/papa-francisco-apela-por-desarmamento-nuclear\/","title":{"rendered":"Papa Francisco apela por desarmamento nuclear"},"content":{"rendered":"<p>O papa Francisco pediu, neste domingo (10), aos l\u00edderes mundiais que trabalhem a favor do desarmamento nuclear para proteger os direitos humanos, em particular os de pessoas mais desfavorecidas. Falando da janela do apartamento papal com vista para a Pra\u00e7a de S\u00e3o Pedro, no Vaticano, Francisco disse que \u00e9 preciso trabalhar com determina\u00e7\u00e3o para construir um mundo sem armas nucleares.<\/p>\n<p>Com as crescentes tens\u00f5es entre os Estados Unidos e a Coreia do Norte, o papa alertou, repetidamente, contra os catastr\u00f3ficos efeitos humanit\u00e1rios e ambientais dos dispositivos nucleares e pediu que um terceiro pa\u00eds fa\u00e7a a media\u00e7\u00e3o da disputa entre americanos e norte-coreanos.<\/p>\n<p>Na ora\u00e7\u00e3o semanal do Angelus, o pont\u00edfice acrescentou que homens e mulheres do mundo inteiro t\u00eam a liberdade, a intelig\u00eancia e a capacidade de orientar a tecnologia, limitar seu poder, a servi\u00e7o da paz e do verdadeiro progresso.<\/p>\n","protected":false},"excerpt":{"rendered":"<p>O papa Francisco pediu, neste domingo (10), aos l\u00edderes mundiais que trabalhem a favor do desarmamento nuclear para proteger os direitos humanos, em particular os de pessoas mais desfavorecidas. Falando da janela do apartamento papal com vista para a Pra\u00e7a de S\u00e3o Pedro, no Vaticano, Francisco disse que \u00e9 preciso trabalhar com determina\u00e7\u00e3o para construir &hellip;<\/p>\n","protected":false},"author":2,"featured_media":2567,"comment_status":"open","ping_status":"open","sticky":false,"template":"","format":"standard","meta":{"_exactmetrics_skip_tracking":false,"_exactmetrics_sitenote_active":false,"_exactmetrics_sitenote_note":"","_exactmetrics_sitenote_category":0,"footnotes":""},"categories":[4],"tags":[],"_links":{"self":[{"href":"https:\/\/goiasemtempo.com.br\/home\/wp-json\/wp\/v2\/posts\/5674"}],"collection":[{"href":"https:\/\/goiasemtempo.com.br\/home\/wp-json\/wp\/v2\/posts"}],"about":[{"href":"https:\/\/goiasemtempo.com.br\/home\/wp-json\/wp\/v2\/types\/post"}],"author":[{"embeddable":true,"href":"https:\/\/goiasemtempo.com.br\/home\/wp-json\/wp\/v2\/users\/2"}],"replies":[{"embeddable":true,"href":"https:\/\/goiasemtempo.com.br\/home\/wp-json\/wp\/v2\/comments?post=5674"}],"version-history":[{"count":1,"href":"https:\/\/goiasemtempo.com.br\/home\/wp-json\/wp\/v2\/posts\/5674\/revisions"}],"predecessor-version":[{"id":5675,"href":"https:\/\/goiasemtempo.com.br\/home\/wp-json\/wp\/v2\/posts\/5674\/revisions\/5675"}],"wp:featuredmedia":[{"embeddable":true,"href":"https:\/\/goiasemtempo.com.br\/home\/wp-json\/wp\/v2\/media\/2567"}],"wp:attachment":[{"href":"https:\/\/goiasemtempo.com.br\/home\/wp-json\/wp\/v2\/media?parent=5674"}],"wp:term":[{"taxonomy":"category","embeddable":true,"href":"https:\/\/goiasemtempo.com.br\/home\/wp-json\/wp\/v2\/categories?post=5674"},{"taxonomy":"post_tag","embeddable":true,"href":"https:\/\/goiasemtempo.com.br\/home\/wp-json\/wp\/v2\/tags?post=5674"}],"curies":[{"name":"wp","href":"https:\/\/api.w.org\/{rel}","templated":true}]}}