{"id":56733,"date":"2020-09-23T03:00:52","date_gmt":"2020-09-23T03:00:52","guid":{"rendered":"http:\/\/goiasemtempo.com.br\/home\/?p=56733"},"modified":"2020-09-23T03:00:52","modified_gmt":"2020-09-23T03:00:52","slug":"traficante-elias-maluco-e-encontrado-morto-na-prisao","status":"publish","type":"post","link":"https:\/\/goiasemtempo.com.br\/home\/traficante-elias-maluco-e-encontrado-morto-na-prisao\/","title":{"rendered":"Traficante Elias Maluco \u00e9 encontrado morto na pris\u00e3o"},"content":{"rendered":"<div class=\"mc-column content-text active-extra-styles \" data-block-type=\"unstyled\" data-block-weight=\"35\" data-block-id=\"2\">\n<p class=\"content-text__container \" data-track-category=\"Link no Texto\" data-track-links=\"\">O traficante Elias Pereira da Silva, conhecido como Elias Maluco, foi encontrado morto na tarde desta ter\u00e7a-feira (22) na Penitenci\u00e1ria Federal de Catanduvas, na regi\u00e3o oeste do Paran\u00e1, segundo informa\u00e7\u00f5es do Departamento Penitenci\u00e1rio (Depen).<\/p>\n<\/div>\n<div class=\"wall protected-content\">\n<div class=\"mc-column content-text active-extra-styles \" data-block-type=\"unstyled\" data-block-weight=\"35\" data-block-id=\"3\">\n<p class=\"content-text__container \" data-track-category=\"Link no Texto\" data-track-links=\"\">De acordo com o Depen, a Pol\u00edcia Federal (PF) foi chamada para fazer per\u00edcia no local. O corpo ser\u00e1 levado para o Instituto M\u00e9dico-Legal (IML) de Cascavel, na regi\u00e3o oeste do estado, ap\u00f3s a per\u00edcia.<\/p>\n<\/div>\n<div class=\"mc-column content-text active-extra-styles \" data-block-type=\"unstyled\" data-block-weight=\"28\" data-block-id=\"4\">\n<p class=\"content-text__container \" data-track-category=\"Link no Texto\" data-track-links=\"\">Elias Maluco foi preso em setembro de 2002 e, em 2005, foi condenado a 28 anos e seis meses de pris\u00e3o pela morte do jornalista Tim Lopes.<\/p>\n<\/div>\n<div class=\"mc-column content-text active-extra-styles \" data-block-type=\"unstyled\" data-block-weight=\"35\" data-block-id=\"5\">\n<p class=\"content-text__container \" data-track-category=\"Link no Texto\" data-track-links=\"\">Em 2013, foi sentenciado a mais 10 anos, sete meses e 15 dias de pris\u00e3o,\u00a0<a href=\"http:\/\/g1.globo.com\/rio-de-janeiro\/noticia\/2013\/12\/elias-maluco-e-condenado-por-lavagem-de-dinheiro-no-rj.html\" target=\"_blank\" rel=\"noopener\">desta vez pelo crime de lavagem de dinheiro.\u00a0<\/a>A mulher e a sogra dele tamb\u00e9m foram condenadas pelo mesmo crime.<\/p>\n<\/div>\n<div class=\"mc-column content-text active-extra-styles \" data-block-type=\"unstyled\" data-block-weight=\"11\" data-block-id=\"6\">\n<p class=\"content-text__container \" data-track-category=\"Link no Texto\" data-track-links=\"\">Desde ent\u00e3o, Elias Maluco ficou em pres\u00eddios federais de seguran\u00e7a m\u00e1xima.<\/p>\n<\/div>\n<div class=\"mc-column content-text active-extra-styles \" data-block-type=\"unstyled\" data-block-weight=\"18\" data-block-id=\"7\">\n<p class=\"content-text__container \" data-track-category=\"Link no Texto\" data-track-links=\"\">Em 2019, Elias teve um pedido de\u00a0<a href=\"https:\/\/g1.globo.com\/rj\/rio-de-janeiro\/noticia\/2019\/08\/02\/ministro-do-stf-decide-soltar-elias-maluco-caso-ele-nao-tenha-outra-ordem-de-prisao.ghtml\" target=\"_blank\" rel=\"noopener\">habeas corpus concedido pelo Supremo Tribunal Federal<\/a>\u00a0(STF), mas permaneceu preso.<\/p>\n<\/div>\n<div class=\"mc-column content-text active-extra-styles \" data-block-type=\"unstyled\" data-block-weight=\"17\" data-block-id=\"8\">\n<p class=\"content-text__container \" data-track-category=\"Link no Texto\" data-track-links=\"\">Segundo o Depen, a fam\u00edlia foi comunicada da morte pelo Servi\u00e7o Social do Pres\u00eddio Federal de Catanduvas.<\/p>\n<\/div>\n<div class=\"mc-column content-text active-extra-styles \" data-block-type=\"unstyled\" data-block-weight=\"17\" data-block-id=\"9\">\n<p class=\"content-text__container \" data-track-category=\"Link no Texto\" data-track-links=\"\">Ainda de acordo com o departamento, a Pol\u00edcia Federal foi chamada para fazer a per\u00edcia no local.<\/p>\n<\/div>\n<div class=\"row medium-uncollapsed content-media content-photo\" data-block-type=\"backstage-photo\" data-block-id=\"10\">\n<div class=\"mc-column content-media__container\">\n<figure><img decoding=\"async\" class=\"i-amphtml-fill-content i-amphtml-replaced-content\" src=\"https:\/\/s2.glbimg.com\/ODVlhBbwqpjJla4LHJNynviLj14=\/0x0:1403x871\/984x0\/smart\/filters:strip_icc()\/i.s3.glbimg.com\/v1\/AUTH_59edd422c0c84a879bd37670ae4f538a\/internal_photos\/bs\/2018\/T\/6\/jnAr2vSBuoUSBK6bnrmg\/img-2821.jpg\" sizes=\"(max-width: 1920px) 648px, 100vw\" srcset=\"https:\/\/s2.glbimg.com\/cUsFaaFT3CuIsDRD75nLoUgRiLU=\/0x0:1403x871\/1000x0\/smart\/filters:strip_icc()\/i.s3.glbimg.com\/v1\/AUTH_59edd422c0c84a879bd37670ae4f538a\/internal_photos\/bs\/2018\/T\/6\/jnAr2vSBuoUSBK6bnrmg\/img-2821.jpg 1000w, https:\/\/s2.glbimg.com\/ODVlhBbwqpjJla4LHJNynviLj14=\/0x0:1403x871\/984x0\/smart\/filters:strip_icc()\/i.s3.glbimg.com\/v1\/AUTH_59edd422c0c84a879bd37670ae4f538a\/internal_photos\/bs\/2018\/T\/6\/jnAr2vSBuoUSBK6bnrmg\/img-2821.jpg 984w, https:\/\/s2.glbimg.com\/y9FNi2TD0Yve57uxdpsSqFUI33k=\/0x0:1403x871\/640x0\/smart\/filters:strip_icc()\/i.s3.glbimg.com\/v1\/AUTH_59edd422c0c84a879bd37670ae4f538a\/internal_photos\/bs\/2018\/T\/6\/jnAr2vSBuoUSBK6bnrmg\/img-2821.jpg 640w, https:\/\/s2.glbimg.com\/Ce0q6C6VoTAgHPcddKhpNPup5Wg=\/0x0:1403x871\/600x0\/smart\/filters:strip_icc()\/i.s3.glbimg.com\/v1\/AUTH_59edd422c0c84a879bd37670ae4f538a\/internal_photos\/bs\/2018\/T\/6\/jnAr2vSBuoUSBK6bnrmg\/img-2821.jpg 600w\" alt=\"Elias Maluco, condenado pelo assassinato do jornalista Tim Lopes. \u2014 Foto: Reprodu\u00e7\u00e3o\/ TV Globo\" \/><\/figure>\n<p class=\"content-media__description \">Elias Maluco, condenado pelo assassinato do jornalista Tim Lopes. \u2014 Foto: Reprodu\u00e7\u00e3o\/ TV Globo<\/p>\n<\/div>\n<\/div>\n<div class=\"mc-column content-text active-extra-styles\" data-block-type=\"raw\" data-block-weight=\"2\" data-block-id=\"12\">\n<div class=\"content-intertitle\">\n<h2>Tim Lopes<\/h2>\n<\/div>\n<\/div>\n<div class=\"mc-column content-text active-extra-styles \" data-block-type=\"unstyled\" data-block-weight=\"40\" data-block-id=\"13\">\n<p class=\"content-text__container \" data-track-category=\"Link no Texto\" data-track-links=\"\">Elias Maluco foi preso no dia 19 de setembro de 2002. Ele foi condenado pelo assassinato do jornalista Tim Lopes, morto em junho daquele ano enquanto fazia uma reportagem sobre abuso de menores em um baile funk da favela Cruzeiro.<\/p>\n<\/div>\n<div class=\"mc-column content-text active-extra-styles \" data-block-type=\"unstyled\" data-block-weight=\"11\" data-block-id=\"14\">\n<p class=\"content-text__container \" data-track-category=\"Link no Texto\" data-track-links=\"\">O traficante ficou conhecido pelos m\u00e9todos b\u00e1rbaros com que matava pessoas.<\/p>\n<\/div>\n<div class=\"mc-column content-text active-extra-styles \" data-block-type=\"unstyled\" data-block-weight=\"32\" data-block-id=\"15\">\n<p class=\"content-text__container \" data-track-category=\"Link no Texto\" data-track-links=\"\">O corpo de Tim Lopes foi carbonizado numa fogueira de pneus conhecida como micro-ondas e s\u00f3 p\u00f4de ser reconhecido ap\u00f3s exame de DNA. Outras seis pessoas foram condenadas por participa\u00e7\u00e3o no crime.<\/p>\n<p data-track-category=\"Link no Texto\" data-track-links=\"\">Com Ag\u00eancia de Not\u00edcias\/ G1\/<\/p>\n<\/div>\n<\/div>\n","protected":false},"excerpt":{"rendered":"<p>O traficante Elias Pereira da Silva, conhecido como Elias Maluco, foi encontrado morto na tarde desta ter\u00e7a-feira (22) na Penitenci\u00e1ria Federal de Catanduvas, na regi\u00e3o oeste do Paran\u00e1, segundo informa\u00e7\u00f5es do Departamento Penitenci\u00e1rio (Depen). De acordo com o Depen, a Pol\u00edcia Federal (PF) foi chamada para fazer per\u00edcia no local. O corpo ser\u00e1 levado para &hellip;<\/p>\n","protected":false},"author":3,"featured_media":56734,"comment_status":"open","ping_status":"open","sticky":false,"template":"","format":"standard","meta":{"footnotes":""},"categories":[4],"tags":[],"class_list":["post-56733","post","type-post","status-publish","format-standard","has-post-thumbnail","hentry","category-ultimas-noticias"],"_links":{"self":[{"href":"https:\/\/goiasemtempo.com.br\/home\/wp-json\/wp\/v2\/posts\/56733","targetHints":{"allow":["GET"]}}],"collection":[{"href":"https:\/\/goiasemtempo.com.br\/home\/wp-json\/wp\/v2\/posts"}],"about":[{"href":"https:\/\/goiasemtempo.com.br\/home\/wp-json\/wp\/v2\/types\/post"}],"author":[{"embeddable":true,"href":"https:\/\/goiasemtempo.com.br\/home\/wp-json\/wp\/v2\/users\/3"}],"replies":[{"embeddable":true,"href":"https:\/\/goiasemtempo.com.br\/home\/wp-json\/wp\/v2\/comments?post=56733"}],"version-history":[{"count":1,"href":"https:\/\/goiasemtempo.com.br\/home\/wp-json\/wp\/v2\/posts\/56733\/revisions"}],"predecessor-version":[{"id":56735,"href":"https:\/\/goiasemtempo.com.br\/home\/wp-json\/wp\/v2\/posts\/56733\/revisions\/56735"}],"wp:featuredmedia":[{"embeddable":true,"href":"https:\/\/goiasemtempo.com.br\/home\/wp-json\/wp\/v2\/media\/56734"}],"wp:attachment":[{"href":"https:\/\/goiasemtempo.com.br\/home\/wp-json\/wp\/v2\/media?parent=56733"}],"wp:term":[{"taxonomy":"category","embeddable":true,"href":"https:\/\/goiasemtempo.com.br\/home\/wp-json\/wp\/v2\/categories?post=56733"},{"taxonomy":"post_tag","embeddable":true,"href":"https:\/\/goiasemtempo.com.br\/home\/wp-json\/wp\/v2\/tags?post=56733"}],"curies":[{"name":"wp","href":"https:\/\/api.w.org\/{rel}","templated":true}]}}