{"id":56701,"date":"2020-09-21T14:19:12","date_gmt":"2020-09-21T14:19:12","guid":{"rendered":"http:\/\/goiasemtempo.com.br\/home\/?p=56701"},"modified":"2020-09-21T14:19:12","modified_gmt":"2020-09-21T14:19:12","slug":"piloto-morre-em-queda-de-aviao-em-formosa","status":"publish","type":"post","link":"https:\/\/goiasemtempo.com.br\/home\/piloto-morre-em-queda-de-aviao-em-formosa\/","title":{"rendered":"Piloto morre em queda de avi\u00e3o em Formosa"},"content":{"rendered":"<div class=\"article-content\">\n<p>Na tarde do \u00faltimo domingo (20), o piloto\u00a0<strong>Nilor de Souza Mendes<\/strong>, 73 anos, morreu ap\u00f3s a\u00a0<strong>queda<\/strong>\u00a0de um\u00a0<strong>avi\u00e3o planador<\/strong>\u00a0no\u00a0<strong>Aeroporto Municipal de Formosa<\/strong>, no Entorno do Distrito Federal. A informa\u00e7\u00e3o foi confirmada pelo subcomandante do Corpo de Bombeiros do munic\u00edpio, aspirante Samuel Chaves Barreto Borges.Nilor n\u00e3o resistiu aos ferimentos e morreu no local.<\/p>\n<p>Segundo relatos de testemunhas, o piloto preparava-se para pousar, quando perdeu o controle do planador. A queda do avi\u00e3o, que s\u00f3 comporta uma pessoa, ocorreu por volta das 15h30. O \u00f3bito do idoso foi constatado por uma equipe do Samu e o corpo da v\u00edtima foi encaminhado ao Instituto M\u00e9dico Legal (IML).<\/p>\n<div class=\"m-banner-wrap m-publicity-content-middle\"><\/div>\n<p>Testemunhas relataram ainda \u00e0 Pol\u00edcia Civil (PC) que Nilor comunicou, via r\u00e1dio, que houve falha mec\u00e2nica. Menos de um minuto depois, a aeronave caiu na pista. A Pol\u00edcia Federal (PF) investiga o caso.<\/p>\n<p><iframe id=\"instagram-embed-0\" class=\"instagram-media instagram-media-rendered\" src=\"https:\/\/www.instagram.com\/p\/CFYNj_MlgaZ\/embed\/?cr=1&amp;v=12&amp;wp=540&amp;rd=https%3A%2F%2Fwww.emaisgoias.com.br&amp;rp=%2Fpiloto-morre-em-queda-de-aviao-planador-em-formosa%2F#%7B%22ci%22%3A0%2C%22os%22%3A766.1550000002535%2C%22ls%22%3A594.4100000001526%2C%22le%22%3A595.3400000003057%7D\" height=\"744\" frameborder=\"0\" scrolling=\"no\" allowfullscreen=\"allowfullscreen\" data-instgrm-payload-id=\"instagram-media-payload-0\" data-mce-fragment=\"1\"><\/iframe>O Centro de Investiga\u00e7\u00e3o e Preven\u00e7\u00e3o de Acidentes Aeron\u00e1uticos (Cenipa) emitiu uma nota sobre o acidente.<\/p>\n<div class=\"mc-column content-text active-extra-styles\" data-block-type=\"unstyled\" data-block-weight=\"53\" data-block-id=\"11\">\n<blockquote>\n<p class=\"content-text__container\" data-track-category=\"Link no Texto\" data-track-links=\"\"><em>Investigadores do Sexto Servi\u00e7o Regional de Investiga\u00e7\u00e3o e Preven\u00e7\u00e3o de Acidentes Aeron\u00e1uticos (SERIPA VI), \u00f3rg\u00e3o regional do Centro de Investiga\u00e7\u00e3o e Preven\u00e7\u00e3o de Acidentes Aeron\u00e1uticos (CENIPA) localizado em Bras\u00edlia (DF), foram acionados para realizar a a\u00e7\u00e3o inicial da ocorr\u00eancia envolvendo a aeronave de matr\u00edcula PT-POH, que aconteceu neste domingo (20) em Formosa (GO).<\/em><\/p>\n<\/blockquote>\n<\/div>\n<blockquote>\n<div class=\"mc-column content-text active-extra-styles\" data-block-type=\"unstyled\" data-block-weight=\"40\" data-block-id=\"12\">\n<p class=\"content-text__container\" data-track-category=\"Link no Texto\" data-track-links=\"\"><em>A A\u00e7\u00e3o Inicial \u00e9 o come\u00e7o do processo de investiga\u00e7\u00e3o e possui o objetivo de coletar dados: fotografar cenas, retirar partes da aeronave para an\u00e1lise, reunir documentos e ouvir relatos de pessoas que possam ter observado a sequ\u00eancia de eventos.<\/em><\/p>\n<\/div>\n<div class=\"mc-column content-text active-extra-styles\" data-block-type=\"unstyled\" data-block-weight=\"32\" data-block-id=\"13\">\n<p class=\"content-text__container\" data-track-category=\"Link no Texto\" data-track-links=\"\"><em>O objetivo da investiga\u00e7\u00e3o realizada pelo CENIPA \u00e9 prevenir que novos acidentes com caracter\u00edsticas semelhantes ocorram. A necessidade de descobrir todos os fatores contribuintes garante a liberdade de tempo para a investiga\u00e7\u00e3o.<\/em><\/p>\n<\/div>\n<\/blockquote>\n<div class=\"mc-column content-text active-extra-styles\" data-block-type=\"unstyled\" data-block-weight=\"19\" data-block-id=\"14\">\n<blockquote>\n<p class=\"content-text__container\" data-track-category=\"Link no Texto\" data-track-links=\"\"><em>A conclus\u00e3o de qualquer investiga\u00e7\u00e3o conduzida pelo CENIPA ter\u00e1 o menor prazo poss\u00edvel, dependendo sempre da complexidade do acidente.<\/em><\/p>\n<\/blockquote>\n<p data-track-category=\"Link no Texto\" data-track-links=\"\">Mat\u00e9ria Mais Goi\u00e1s:<a href=\"https:\/\/www.emaisgoias.com.br\/piloto-morre-em-queda-de-aviao-planador-em-formosa\/\">https:\/\/www.emaisgoias.com.br\/piloto-morre-em-queda-de-aviao-planador-em-formosa\/<\/a><\/p>\n<p data-track-category=\"Link no Texto\" data-track-links=\"\">\n<\/div>\n<\/div>\n","protected":false},"excerpt":{"rendered":"<p>Na tarde do \u00faltimo domingo (20), o piloto\u00a0Nilor de Souza Mendes, 73 anos, morreu ap\u00f3s a\u00a0queda\u00a0de um\u00a0avi\u00e3o planador\u00a0no\u00a0Aeroporto Municipal de Formosa, no Entorno do Distrito Federal. A informa\u00e7\u00e3o foi confirmada pelo subcomandante do Corpo de Bombeiros do munic\u00edpio, aspirante Samuel Chaves Barreto Borges.Nilor n\u00e3o resistiu aos ferimentos e morreu no local. Segundo relatos de testemunhas, &hellip;<\/p>\n","protected":false},"author":3,"featured_media":56702,"comment_status":"open","ping_status":"open","sticky":false,"template":"","format":"standard","meta":{"_exactmetrics_skip_tracking":false,"_exactmetrics_sitenote_active":false,"_exactmetrics_sitenote_note":"","_exactmetrics_sitenote_category":0,"footnotes":""},"categories":[7,15],"tags":[],"_links":{"self":[{"href":"https:\/\/goiasemtempo.com.br\/home\/wp-json\/wp\/v2\/posts\/56701"}],"collection":[{"href":"https:\/\/goiasemtempo.com.br\/home\/wp-json\/wp\/v2\/posts"}],"about":[{"href":"https:\/\/goiasemtempo.com.br\/home\/wp-json\/wp\/v2\/types\/post"}],"author":[{"embeddable":true,"href":"https:\/\/goiasemtempo.com.br\/home\/wp-json\/wp\/v2\/users\/3"}],"replies":[{"embeddable":true,"href":"https:\/\/goiasemtempo.com.br\/home\/wp-json\/wp\/v2\/comments?post=56701"}],"version-history":[{"count":1,"href":"https:\/\/goiasemtempo.com.br\/home\/wp-json\/wp\/v2\/posts\/56701\/revisions"}],"predecessor-version":[{"id":56703,"href":"https:\/\/goiasemtempo.com.br\/home\/wp-json\/wp\/v2\/posts\/56701\/revisions\/56703"}],"wp:featuredmedia":[{"embeddable":true,"href":"https:\/\/goiasemtempo.com.br\/home\/wp-json\/wp\/v2\/media\/56702"}],"wp:attachment":[{"href":"https:\/\/goiasemtempo.com.br\/home\/wp-json\/wp\/v2\/media?parent=56701"}],"wp:term":[{"taxonomy":"category","embeddable":true,"href":"https:\/\/goiasemtempo.com.br\/home\/wp-json\/wp\/v2\/categories?post=56701"},{"taxonomy":"post_tag","embeddable":true,"href":"https:\/\/goiasemtempo.com.br\/home\/wp-json\/wp\/v2\/tags?post=56701"}],"curies":[{"name":"wp","href":"https:\/\/api.w.org\/{rel}","templated":true}]}}