{"id":56657,"date":"2020-09-17T13:23:09","date_gmt":"2020-09-17T13:23:09","guid":{"rendered":"http:\/\/goiasemtempo.com.br\/home\/?p=56657"},"modified":"2020-09-17T13:23:09","modified_gmt":"2020-09-17T13:23:09","slug":"anapolis-tem-recorde-de-nove-candidaturas-a-prefeito-neste-ano-de-2020","status":"publish","type":"post","link":"https:\/\/goiasemtempo.com.br\/home\/anapolis-tem-recorde-de-nove-candidaturas-a-prefeito-neste-ano-de-2020\/","title":{"rendered":"An\u00e1polis tem recorde de nove candidaturas a Prefeito neste ano de 2020"},"content":{"rendered":"<p>Encerrado o prazo para a realiza\u00e7\u00e3o das conven\u00e7\u00f5es partid\u00e1rias, o quadro para a sucess\u00e3o na Prefeitura de An\u00e1polis ganhou forma e, mais do que isso, um n\u00famero recorde de candidaturas para o cargo. Caso, eventualmente, n\u00e3o ocorra nenhuma mudan\u00e7a at\u00e9 o registro em definitivo das candidaturas, ser\u00e3o nove postulantes. Nas \u00faltimas elei\u00e7\u00f5es, este n\u00famero variou de cinco a sete.<\/p>\n<p>Depois de muitas idas e vindas, muita conversa de bastidores, o quadro pol\u00edtico ficou definido na seguinte forma: o Prefeito Roberto Naves concorre \u00e0 reelei\u00e7\u00e3o pelo Progressista, com M\u00e1rcio C\u00e2ndido, do DEM, na Vice. A mesma configura\u00e7\u00e3o da elei\u00e7\u00e3o de 2016, exceto pela mudan\u00e7a de partidos de ambos: Roberto foi eleito pelo PTB e M\u00e1rcia era do PSD. A candidatura de Roberto contar\u00e1 com 14 partidos aliados (PP\/PV\/Avante\/DEM\/PROS\/PMN\/PSB\/PSC\/SD\/PL\/PDT\/DC\/Cidadania\/Podemos).<\/p>\n<p>O Partido dos Trabalhadores confirmou a candidatura do Deputado Estadual e ex-Prefeito Ant\u00f4nio Gomide que, pela terceira vez, vai disputar o cargo. A Vice na chapa (puro sangue) ser\u00e1 a Vereadora Professora Geli. O PT ter\u00e1 como aliados o PMB e o PC do B.<\/p>\n<p>O PSL- partido que elegeu o presidente Jair Bolsonaro (hoje sem partido)- vai para disputa com o advogado Valeriano Abreu. Ele ter\u00e1 como Vice, do mesmo partido, o empres\u00e1rio do setor imobili\u00e1rio, Marlon Morais.<\/p>\n<p>O MDB ter\u00e1 como candidato o empres\u00e1rio e odont\u00f3logo M\u00e1rcio Corr\u00eaa. O seu vice \u00e9 o Brigadeiro Bragan\u00e7a, do Republicanos. A alian\u00e7a foi celebrada entre as legendas quase que na reta final das conven\u00e7\u00f5es. Ambos tinham projeto de candidaturas pr\u00f3prias.<\/p>\n<p>O Patriotas vai disputar a Prefeitura com o ex-Deputado Estadual e ex-Vereador Jos\u00e9 de Lima, veterano nas disputas locais. Ele ter\u00e1 na Vice a Bacharel em Direito, Dorisleila Gomes dos Santos, que \u00e9 do PTC.<\/p>\n<p>O PSD entra na disputa com chapa puro sangue, liderada pelo delegado aposentado da Pol\u00edcia Federal, Humberto Evangelista. Seu Vice ser\u00e1 o empres\u00e1rio Amaury Miranda Esberard.<\/p>\n<p>O PSDB \u2013 partido do ex-Governador Marconi Perillo- lan\u00e7ou tamb\u00e9m chapa pura, tendo como candidato \u00e0 Prefeito o ex-Prefeito Jo\u00e3o Gomes. A Vice ser\u00e1 a advogada Maristela Rodrigues.<\/p>\n<p>O PRTB homologou a candidatura do empres\u00e1rio Josmar Moura. Ele ter\u00e1 na Vice, do mesmo partido, o m\u00e9dico veterin\u00e1rio Jos\u00e9 Eust\u00e1quio.<\/p>\n<p>O PSOL volta \u00e0 disputa pela Prefeitura com a candidatura de Douglas Rodrigues, nome ligado a diversos movimentos sociais. O vice \u00e9 o arquiteto Web Gabner Pereira.<\/p>\n<p class=\"has-background\"><strong>QUADRO DE CANDIDATURAS<\/strong><\/p>\n<p><strong>PREFEITO\/VICE<\/strong><\/p>\n<p><strong>Ant\u00f4nio Gomide (PT)\/ Professora Geli (PT)<\/strong><\/p>\n<p><strong>Douglas Rodrigues (PSOL)\/ Web Gabner (PSOL)<\/strong><\/p>\n<p><strong>Humberto Evangelista (PSD)\/ Amaury Esberard (PSD)<\/strong><\/p>\n<p><strong>Jo\u00e3o Gomes (PSDB)\/ Maristela Rodrigues (PSDB)<\/strong><\/p>\n<p><strong>Jos\u00e9 de Lima (Patriota)\/ Dorisleila Gomes (PTC)<\/strong><\/p>\n<p><strong>Josmar Moura (PRTB)\/ Jos\u00e9 Eust\u00e1quio (PRTB) Douglas Rodrigues (PSOL)\/ Web Gabner (PSOL).<\/strong><\/p>\n<p><strong>M\u00e1rcio Corr\u00eaa (MDB)\/ Brigadeiro Bragan\u00e7a (Republicanos)<\/strong><\/p>\n<p><strong>Roberto Naves (PP)\/ M\u00e1rcio C\u00e2ndido (DEM)<\/strong><\/p>\n<p><strong>Valeriano Abreu (PSL)\/ Marlon Morais (PSL)<\/strong><\/p>\n<p>&nbsp;<\/p>\n<p><em>Com Ag\u00eancia de Not\u00edcias\/<strong>Cl\u00e1udius Brito<\/strong><\/em><\/p>\n<p>Link original:<a href=\"https:\/\/portalcontexto.com\/anapolis-tem-recorde-de-candidaturas-a-prefeito-na-eleicao-deste-ano\/\">https:\/\/portalcontexto.com\/anapolis-tem-recorde-de-candidaturas-a-prefeito-na-eleicao-deste-ano\/<\/a><\/p>\n","protected":false},"excerpt":{"rendered":"<p>Encerrado o prazo para a realiza\u00e7\u00e3o das conven\u00e7\u00f5es partid\u00e1rias, o quadro para a sucess\u00e3o na Prefeitura de An\u00e1polis ganhou forma e, mais do que isso, um n\u00famero recorde de candidaturas para o cargo. Caso, eventualmente, n\u00e3o ocorra nenhuma mudan\u00e7a at\u00e9 o registro em definitivo das candidaturas, ser\u00e3o nove postulantes. Nas \u00faltimas elei\u00e7\u00f5es, este n\u00famero variou &hellip;<\/p>\n","protected":false},"author":3,"featured_media":56658,"comment_status":"open","ping_status":"open","sticky":false,"template":"","format":"standard","meta":{"_exactmetrics_skip_tracking":false,"_exactmetrics_sitenote_active":false,"_exactmetrics_sitenote_note":"","_exactmetrics_sitenote_category":0,"footnotes":""},"categories":[18,19],"tags":[],"_links":{"self":[{"href":"https:\/\/goiasemtempo.com.br\/home\/wp-json\/wp\/v2\/posts\/56657"}],"collection":[{"href":"https:\/\/goiasemtempo.com.br\/home\/wp-json\/wp\/v2\/posts"}],"about":[{"href":"https:\/\/goiasemtempo.com.br\/home\/wp-json\/wp\/v2\/types\/post"}],"author":[{"embeddable":true,"href":"https:\/\/goiasemtempo.com.br\/home\/wp-json\/wp\/v2\/users\/3"}],"replies":[{"embeddable":true,"href":"https:\/\/goiasemtempo.com.br\/home\/wp-json\/wp\/v2\/comments?post=56657"}],"version-history":[{"count":1,"href":"https:\/\/goiasemtempo.com.br\/home\/wp-json\/wp\/v2\/posts\/56657\/revisions"}],"predecessor-version":[{"id":56659,"href":"https:\/\/goiasemtempo.com.br\/home\/wp-json\/wp\/v2\/posts\/56657\/revisions\/56659"}],"wp:featuredmedia":[{"embeddable":true,"href":"https:\/\/goiasemtempo.com.br\/home\/wp-json\/wp\/v2\/media\/56658"}],"wp:attachment":[{"href":"https:\/\/goiasemtempo.com.br\/home\/wp-json\/wp\/v2\/media?parent=56657"}],"wp:term":[{"taxonomy":"category","embeddable":true,"href":"https:\/\/goiasemtempo.com.br\/home\/wp-json\/wp\/v2\/categories?post=56657"},{"taxonomy":"post_tag","embeddable":true,"href":"https:\/\/goiasemtempo.com.br\/home\/wp-json\/wp\/v2\/tags?post=56657"}],"curies":[{"name":"wp","href":"https:\/\/api.w.org\/{rel}","templated":true}]}}