{"id":56511,"date":"2020-09-02T13:08:05","date_gmt":"2020-09-02T13:08:05","guid":{"rendered":"http:\/\/goiasemtempo.com.br\/home\/?p=56511"},"modified":"2020-09-02T13:09:17","modified_gmt":"2020-09-02T13:09:17","slug":"procon-goias-pede-esclarecimentos-a-cerealistas-e-supermercados-sobre-aumento-no-preco-do-arroz","status":"publish","type":"post","link":"https:\/\/goiasemtempo.com.br\/home\/procon-goias-pede-esclarecimentos-a-cerealistas-e-supermercados-sobre-aumento-no-preco-do-arroz\/","title":{"rendered":"Procon Goi\u00e1s pede explica\u00e7\u00f5es a cerealistas e supermercados sobre aumento no pre\u00e7o do arroz"},"content":{"rendered":"<p>Motivado pelo aumento nos pre\u00e7os do pacote de arroz, o Procon Goi\u00e1s iniciou, nesta semana, a notifica\u00e7\u00e3o de cerealistas, distribuidoras e supermercados localizados em Goi\u00e2nia e na Regi\u00e3o Metropolitana de Goi\u00e2nia para averiguar as raz\u00f5es dos aumentos relatados pelos consumidores e, eventualmente, a poss\u00edvel majora\u00e7\u00e3o injustificada de pre\u00e7os.<\/p>\n<p>Em uma a\u00e7\u00e3o r\u00e1pida, devido \u00e0 urg\u00eancia da ocasi\u00e3o, o \u00f3rg\u00e3o optou pela fiscaliza\u00e7\u00e3o por meio de amostragem. As empresas notificadas ter\u00e3o 3 dias para apresentar as notas fiscais de entrada e sa\u00edda do per\u00edodo que vai do dia 1\u00ba de junho at\u00e9 o dia em que ela foi notificada.<\/p>\n<p>Neste per\u00edodo, j\u00e1 foram notificados 20 estabelecimentos, nos quais foram constatados os valores de diversas marcas de arroz. A partir disso, ser\u00e3o verificadas poss\u00edveis pr\u00e1ticas abusivas relacionadas ao aumento de pre\u00e7o recente.<\/p>\n<p>Caso haja a comprova\u00e7\u00e3o de aumento abusivo de valores, descumprimento do prazo ou n\u00e3o apresenta\u00e7\u00e3o de todos os documentos solicitados, a empresa infratora ser\u00e1 autuada. A multa pode variar de R$650 a R$9 milh\u00f5es, a depender do tamanho do estabelecimento, natureza da infra\u00e7\u00e3o e se h\u00e1 reincid\u00eancia.<\/p>\n<p><strong>Den\u00fancias<\/strong><br \/>\nO superintendente do Procon Goi\u00e1s, Allen Viana, solicita que os consumidores sigam colaborando com a atua\u00e7\u00e3o do \u00f3rg\u00e3o mediante a apresenta\u00e7\u00e3o de den\u00fancias e reclama\u00e7\u00f5es. \u201cO consumidor consciente dos seus direitos \u00e9 uma extens\u00e3o da Superintend\u00eancia do Consumidor, pois ele melhor do que ningu\u00e9m sabe quando os seus direitos est\u00e3o sendo lesados\u201d, disse.<\/p>\n<p>Os consumidores podem fazer den\u00fancias e reclama\u00e7\u00f5es atrav\u00e9s do 151, pelo telefone (62) 3201-7124 ou pelo portal Procon Web (<a href=\"https:\/\/www.rotajuridica.com.br\/procon-goias-pede-esclarecimentos-a-cerealistas-e-supermercados-sobre-aumento-no-preco-do-arroz\/proconweb.ssp.go.gov.br\">proconweb.ssp.go.gov.br<\/a>).\u00a0<em>Fonte: Procon<\/em><\/p>\n","protected":false},"excerpt":{"rendered":"<p>Motivado pelo aumento nos pre\u00e7os do pacote de arroz, o Procon Goi\u00e1s iniciou, nesta semana, a notifica\u00e7\u00e3o de cerealistas, distribuidoras e supermercados localizados em Goi\u00e2nia e na Regi\u00e3o Metropolitana de Goi\u00e2nia para averiguar as raz\u00f5es dos aumentos relatados pelos consumidores e, eventualmente, a poss\u00edvel majora\u00e7\u00e3o injustificada de pre\u00e7os. Em uma a\u00e7\u00e3o r\u00e1pida, devido \u00e0 urg\u00eancia &hellip;<\/p>\n","protected":false},"author":3,"featured_media":56512,"comment_status":"open","ping_status":"open","sticky":false,"template":"","format":"standard","meta":{"_exactmetrics_skip_tracking":false,"_exactmetrics_sitenote_active":false,"_exactmetrics_sitenote_note":"","_exactmetrics_sitenote_category":0,"footnotes":""},"categories":[456,15],"tags":[],"_links":{"self":[{"href":"https:\/\/goiasemtempo.com.br\/home\/wp-json\/wp\/v2\/posts\/56511"}],"collection":[{"href":"https:\/\/goiasemtempo.com.br\/home\/wp-json\/wp\/v2\/posts"}],"about":[{"href":"https:\/\/goiasemtempo.com.br\/home\/wp-json\/wp\/v2\/types\/post"}],"author":[{"embeddable":true,"href":"https:\/\/goiasemtempo.com.br\/home\/wp-json\/wp\/v2\/users\/3"}],"replies":[{"embeddable":true,"href":"https:\/\/goiasemtempo.com.br\/home\/wp-json\/wp\/v2\/comments?post=56511"}],"version-history":[{"count":2,"href":"https:\/\/goiasemtempo.com.br\/home\/wp-json\/wp\/v2\/posts\/56511\/revisions"}],"predecessor-version":[{"id":56514,"href":"https:\/\/goiasemtempo.com.br\/home\/wp-json\/wp\/v2\/posts\/56511\/revisions\/56514"}],"wp:featuredmedia":[{"embeddable":true,"href":"https:\/\/goiasemtempo.com.br\/home\/wp-json\/wp\/v2\/media\/56512"}],"wp:attachment":[{"href":"https:\/\/goiasemtempo.com.br\/home\/wp-json\/wp\/v2\/media?parent=56511"}],"wp:term":[{"taxonomy":"category","embeddable":true,"href":"https:\/\/goiasemtempo.com.br\/home\/wp-json\/wp\/v2\/categories?post=56511"},{"taxonomy":"post_tag","embeddable":true,"href":"https:\/\/goiasemtempo.com.br\/home\/wp-json\/wp\/v2\/tags?post=56511"}],"curies":[{"name":"wp","href":"https:\/\/api.w.org\/{rel}","templated":true}]}}