{"id":56474,"date":"2020-09-01T22:05:03","date_gmt":"2020-09-01T22:05:03","guid":{"rendered":"http:\/\/goiasemtempo.com.br\/home\/?p=56474"},"modified":"2020-09-01T22:05:03","modified_gmt":"2020-09-01T22:05:03","slug":"lava-jato-anuncia-saida-de-deltan-dallagnol","status":"publish","type":"post","link":"https:\/\/goiasemtempo.com.br\/home\/lava-jato-anuncia-saida-de-deltan-dallagnol\/","title":{"rendered":"Lava Jato anuncia sa\u00edda de Deltan Dallagnol"},"content":{"rendered":"<div class=\"post-item-wrap\">\n<p>A vaga de Deltan ser\u00e1 ocupada pelo procurador da Rep\u00fablica Alessandro Jos\u00e9 Fernandes de Oliveira, que tem atua\u00e7\u00e3o no combate ao crime organizado.<\/p>\n<p>No comunicado distribu\u00eddo \u00e0 imprensa, o Minist\u00e9rio P\u00fablico Federal (MPF) afirma que Deltan Dallagnol contribuiu para o combate \u00e0 corrup\u00e7\u00e3o e garante que o trabalho da for\u00e7a-tarefa seguir\u00e1 da \u201cmesma forma como nos \u00faltimos anos\u201d.<\/p>\n<p>\u201cPor todo esse per\u00edodo, enquanto coordenador dos trabalhos, Dallagnol desempenhou com retid\u00e3o, denodo, esmero e abnega\u00e7\u00e3o suas fun\u00e7\u00f5es, reunindo raras qualidades t\u00e9cnicas e pessoais. A lideran\u00e7a exercida foi fundamental para todos os resultados que a Opera\u00e7\u00e3o Lava Jato alcan\u00e7ou, e os valores que inspirou certamente continuar\u00e3o a nortear a atua\u00e7\u00e3o dos demais membros da for\u00e7a-tarefa, que prosseguem no caso\u201d, diz a nota.<\/p>\n<p>Em publica\u00e7\u00e3o no Twitter, Dallagnol comentou o assunto.<\/p>\n<div class=\"twitter-tweet twitter-tweet-rendered\"><iframe id=\"twitter-widget-0\" class=\"\" title=\"Twitter Tweet\" src=\"https:\/\/platform.twitter.com\/embed\/index.html?creatorScreenName=agenciabrasil&amp;dnt=false&amp;embedId=twitter-widget-0&amp;frame=false&amp;hideCard=false&amp;hideThread=false&amp;id=1300838927423680512&amp;lang=pt&amp;origin=https%3A%2F%2Fagenciabrasil.ebc.com.br%2Fjustica%2Fnoticia%2F2020-09%2Flava-jato-no-parana-anuncia-saida-de-deltan-dallagnol&amp;siteScreenName=agenciabrasil&amp;theme=light&amp;widgetsVersion=219d021%3A1598982042171&amp;width=550px\" frameborder=\"0\" scrolling=\"no\" allowfullscreen=\"allowfullscreen\" data-tweet-id=\"1300838927423680512\" data-mce-fragment=\"1\"><\/iframe><\/div>\n<p>A sa\u00edda de Deltan\u00a0Dallagnol do cargo ocorre no momento em que o procurador-geral da Rep\u00fablica, Augusto Aras, deve decidir sobre a prorroga\u00e7\u00e3o dos trabalhos da for\u00e7a-tarefa e ap\u00f3s o Conselho Nacional do Minist\u00e9rio P\u00fablico (CNMP) ter arquivado um pedido de provid\u00eancias protocolado pela defesa do ex-presidente Luiz In\u00e1cio Lula da Silva contra o procurador e outros integrantes das investiga\u00e7\u00f5es.<\/p>\n<\/div>\n<p class=\"alt-font font-italic my-2 small text-info\">Edi\u00e7\u00e3o: N\u00e1dia Franco<\/p>\n","protected":false},"excerpt":{"rendered":"<p>A vaga de Deltan ser\u00e1 ocupada pelo procurador da Rep\u00fablica Alessandro Jos\u00e9 Fernandes de Oliveira, que tem atua\u00e7\u00e3o no combate ao crime organizado. No comunicado distribu\u00eddo \u00e0 imprensa, o Minist\u00e9rio P\u00fablico Federal (MPF) afirma que Deltan Dallagnol contribuiu para o combate \u00e0 corrup\u00e7\u00e3o e garante que o trabalho da for\u00e7a-tarefa seguir\u00e1 da \u201cmesma forma como &hellip;<\/p>\n","protected":false},"author":3,"featured_media":56475,"comment_status":"open","ping_status":"open","sticky":false,"template":"","format":"standard","meta":{"_exactmetrics_skip_tracking":false,"_exactmetrics_sitenote_active":false,"_exactmetrics_sitenote_note":"","_exactmetrics_sitenote_category":0,"footnotes":""},"categories":[63],"tags":[],"_links":{"self":[{"href":"https:\/\/goiasemtempo.com.br\/home\/wp-json\/wp\/v2\/posts\/56474"}],"collection":[{"href":"https:\/\/goiasemtempo.com.br\/home\/wp-json\/wp\/v2\/posts"}],"about":[{"href":"https:\/\/goiasemtempo.com.br\/home\/wp-json\/wp\/v2\/types\/post"}],"author":[{"embeddable":true,"href":"https:\/\/goiasemtempo.com.br\/home\/wp-json\/wp\/v2\/users\/3"}],"replies":[{"embeddable":true,"href":"https:\/\/goiasemtempo.com.br\/home\/wp-json\/wp\/v2\/comments?post=56474"}],"version-history":[{"count":1,"href":"https:\/\/goiasemtempo.com.br\/home\/wp-json\/wp\/v2\/posts\/56474\/revisions"}],"predecessor-version":[{"id":56476,"href":"https:\/\/goiasemtempo.com.br\/home\/wp-json\/wp\/v2\/posts\/56474\/revisions\/56476"}],"wp:featuredmedia":[{"embeddable":true,"href":"https:\/\/goiasemtempo.com.br\/home\/wp-json\/wp\/v2\/media\/56475"}],"wp:attachment":[{"href":"https:\/\/goiasemtempo.com.br\/home\/wp-json\/wp\/v2\/media?parent=56474"}],"wp:term":[{"taxonomy":"category","embeddable":true,"href":"https:\/\/goiasemtempo.com.br\/home\/wp-json\/wp\/v2\/categories?post=56474"},{"taxonomy":"post_tag","embeddable":true,"href":"https:\/\/goiasemtempo.com.br\/home\/wp-json\/wp\/v2\/tags?post=56474"}],"curies":[{"name":"wp","href":"https:\/\/api.w.org\/{rel}","templated":true}]}}