{"id":56471,"date":"2020-09-01T22:00:47","date_gmt":"2020-09-01T22:00:47","guid":{"rendered":"http:\/\/goiasemtempo.com.br\/home\/?p=56471"},"modified":"2020-09-01T22:00:47","modified_gmt":"2020-09-01T22:00:47","slug":"enel-troca-50-geladeiras-em-trindade","status":"publish","type":"post","link":"https:\/\/goiasemtempo.com.br\/home\/enel-troca-50-geladeiras-em-trindade\/","title":{"rendered":"Enel troca 50 geladeiras em Trindade"},"content":{"rendered":"<div>\n<div>\n<p><span lang=\"PT-BR\">Goi\u00e2nia,\u00a0<\/span><span lang=\"PT-BR\">1\u00b0<\/span><span lang=\"PT-BR\">\u00a0de\u00a0<\/span><span lang=\"PT-BR\">setembr<\/span><span lang=\"PT-BR\">o<\/span><span lang=\"PT-BR\">\u00a0de 2020 \u2013\u202f<\/span><span lang=\"PT-BR\">Por meio do<\/span><span lang=\"PT-BR\">\u00a0<\/span><span lang=\"PT-BR\">pro<\/span><span lang=\"PT-BR\">jeto<\/span><span lang=\"PT-BR\">\u00a0Enel Compartilha Efici\u00eancia, a\u00a0<\/span><span lang=\"PT-BR\">Enel Distribui\u00e7\u00e3o Goi\u00e1s\u00a0<\/span><span lang=\"PT-BR\">leva nesta semana o Troca de Geladeiras para\u00a0<\/span><span lang=\"PT-BR\">Trindade<\/span><span lang=\"PT-BR\">. Clientes d<\/span><span lang=\"PT-BR\">a cidade<\/span><span lang=\"PT-BR\">\u00a0poder\u00e3o se cadastrar por telefone e pela internet para concorrer a 50 geladeiras e o sorteio ser\u00e1 realizado ao vivo pela internet, no YouTube.<\/span><span lang=\"PT-BR\">\u00a0<\/span><span lang=\"PT-BR\">A a\u00e7\u00e3o tem parceria com a Secretaria de Desenvolvimento Social de Goi\u00e1s (SEDS), que est\u00e1 fornecendo \u00e1lcool e m\u00e1scaras para a popula\u00e7\u00e3o.<\/span><\/p>\n<\/div>\n<\/div>\n<div>\n<p>&nbsp;<\/p>\n<\/div>\n<div>\n<p><span lang=\"PT-BR\">Para participar, os clientes devem ser consumidores residenciais ou rurais na modalidade monof\u00e1sica, e serem titular da conta de energia. Tamb\u00e9m \u00e9 necess\u00e1rio estar adimplente com a Enel e ter uma geladeira ineficiente funcionando para que possa ser efetuada a troca.<\/span><\/p>\n<\/div>\n<div>\n<p><span lang=\"PT-BR\">O projeto foi retomado <\/span><span lang=\"PT-BR\">no m\u00eas de julho<\/span><span lang=\"PT-BR\">\u00a0com u<\/span><span lang=\"PT-BR\">m novo formato, para evitar aglomera\u00e7\u00e3o.\u00a0<\/span><span lang=\"PT-BR\">Os interessados\u00a0<\/span><span lang=\"PT-BR\">que se enquadrarem nesses requisitos\u00a0<\/span><span lang=\"PT-BR\">pode<\/span><span lang=\"PT-BR\">m<\/span><span lang=\"PT-BR\">\u00a0se cadastrar\u00a0<\/span><span lang=\"PT-BR\">atrav\u00e9s do link de<\/span><span lang=\"PT-BR\">\u00a0formul\u00e1rio online\u00a0<\/span><a href=\"http:\/\/bit.ly\/enel_trindade\" target=\"_blank\" rel=\"noreferrer noopener\" data-saferedirecturl=\"https:\/\/www.google.com\/url?q=http:\/\/bit.ly\/enel_trindade&amp;source=gmail&amp;ust=1599083839154000&amp;usg=AFQjCNGNoZm35Yl8aQ8GdtjGH-VcJD7lAQ\"><span lang=\"PT-BR\">http:\/\/bit.ly\/enel_<wbr \/>trindade<\/span><\/a><span lang=\"PT-BR\">\u00a0<\/span><span lang=\"PT-BR\">e\u00a0<\/span><span lang=\"PT-BR\">por meio dos telefones: (62) 9827-20596, 98103-2495, 98103-2502 e 3945-8669, de segunda (<\/span><span lang=\"PT-BR\">31<\/span><span lang=\"PT-BR\">) a quarta-feira (<\/span><span lang=\"PT-BR\">2<\/span><span lang=\"PT-BR\">), das 8h \u00e0s 12h e das 14h \u00e0s 17h. O sorteio\u00a0<\/span><span lang=\"PT-BR\">online\u00a0<\/span><span lang=\"PT-BR\">ser\u00e1 realizado na\u00a0<\/span><span lang=\"PT-BR\">quinta-feira (<\/span><span lang=\"PT-BR\">3<\/span><span lang=\"PT-BR\">)<\/span><span lang=\"PT-BR\">, \u00e0s 1<\/span><span lang=\"PT-BR\">3<\/span><span lang=\"PT-BR\">h<\/span><span lang=\"PT-BR\">30<\/span><span lang=\"PT-BR\">, e somente os clientes participantes ter\u00e3o o link de acesso<\/span><span lang=\"PT-BR\">.\u00a0<\/span><span lang=\"PT-BR\">A troca das geladeiras\u00a0<\/span><span lang=\"PT-BR\">ser\u00e1\u00a0<\/span><span lang=\"PT-BR\">realizada n<\/span><span lang=\"PT-BR\">o s\u00e1bado<\/span><span lang=\"PT-BR\">\u00a0(<\/span><span lang=\"PT-BR\">5<\/span><span lang=\"PT-BR\">), com hor\u00e1rio agendado,\u00a0<\/span><span lang=\"PT-BR\">no\u00a0<\/span><span lang=\"PT-PT\">Parque Municipal Lara Guimar\u00e3es<\/span><span lang=\"PT-BR\">, obedecendo todas as medidas de seguran\u00e7a.<\/span><\/p>\n<\/div>\n<div>\n<p><span lang=\"PT-BR\">\u201cO objetivo desse novo formato \u00e9 evitar aglomera\u00e7\u00f5es, possibilitando a continuidade do projeto de uma forma segura para os nossos clientes e colaboradores\u201d, afirma o respons\u00e1vel por Sustentabilidade da Enel Distribui\u00e7\u00e3o Goi\u00e1s, Adriano Faria.<\/span><span lang=\"PT-BR\">\u00a0<\/span><span lang=\"PT-BR\">Segundo ele, desde que foi iniciado em Goi\u00e1s, em novembro de 2017, o pro<\/span><span lang=\"PT-BR\">jeto<\/span><span lang=\"PT-BR\">\u00a0de sustentabilidade Enel Compartilha Efici\u00eancia j\u00e1 trocou mais de 10 mil geladeiras em todo o\u00a0<\/span><span lang=\"PT-BR\">E<\/span><span lang=\"PT-BR\">stado. \u201cPor meio da iniciativa, refrigeradores antigos podem ser trocados por novos com selo de efici\u00eancia do\u00a0Procel\u201d, ressalta Adriano.\u00a0\u00a0<\/span><\/p>\n<\/div>\n<div>\n<p><span lang=\"PT-BR\">A iniciativa est\u00e1 alinhada aos compromissos assumidos pelo Grupo Enel com a Agenda 2030 das Na\u00e7\u00f5es Unidas e ao Objetivo de Desenvolvimento Sustent\u00e1vel 7 \u2013 Energia Limpa e Acess\u00edvel.\u00a0 <\/span><\/p>\n<\/div>\n<div>\n<p><span lang=\"PT-BR\">Economia\u202f<\/span><span lang=\"PT-BR\">\u202f<\/span><\/p>\n<\/div>\n<div>\n<p><span lang=\"PT-BR\">Uma geladeira nova pode consumir at\u00e9 70% menos que uma antiga. Em watts, esse valor representa, para um aparelho antigo, o consumo m\u00e9dio de 90kWh\/<\/span><span lang=\"PT-BR\">\u00a0<\/span><span lang=\"PT-BR\">m\u00eas, enquanto um novo consome somente cerca de 24<\/span><span lang=\"PT-BR\">kWh<\/span><span lang=\"PT-BR\">\/hora\/<\/span><span lang=\"PT-BR\">\u00a0<\/span><span lang=\"PT-BR\">m\u00eas. As geladeiras do programa t\u00eam selo de consumo tipo \u201cA\u201d, que significa\u00a0<\/span><span lang=\"PT-BR\">maior\u00a0<\/span><span lang=\"PT-BR\">efici\u00eancia no consumo de energia el\u00e9trica.<\/span><span lang=\"PT-BR\">\u202f<\/span><\/p>\n<\/div>\n<div>\n<p><span lang=\"PT-BR\">Estudo<\/span><span lang=\"PT-BR\">\u00a0feito pela Ag\u00eancia Nacional de Energia El\u00e9trica (ANEEL)<\/span><span lang=\"PT-BR\">\u00a0mostra que<\/span><span lang=\"PT-BR\">\u00a0a geladeira \u00e9 respons\u00e1vel por quase um ter\u00e7o de toda a energia consumida em uma resid\u00eancia. Os aparelhos antigos e em mau estado, al\u00e9m de consumirem mais energia que o recomendado, emitem gases que destroem a camada de oz\u00f4nio, agravando o aquecimento global.\u202f<\/span><\/p>\n<\/div>\n","protected":false},"excerpt":{"rendered":"<p>Goi\u00e2nia,\u00a01\u00b0\u00a0de\u00a0setembro\u00a0de 2020 \u2013\u202fPor meio do\u00a0projeto\u00a0Enel Compartilha Efici\u00eancia, a\u00a0Enel Distribui\u00e7\u00e3o Goi\u00e1s\u00a0leva nesta semana o Troca de Geladeiras para\u00a0Trindade. Clientes da cidade\u00a0poder\u00e3o se cadastrar por telefone e pela internet para concorrer a 50 geladeiras e o sorteio ser\u00e1 realizado ao vivo pela internet, no YouTube.\u00a0A a\u00e7\u00e3o tem parceria com a Secretaria de Desenvolvimento Social de Goi\u00e1s (SEDS), &hellip;<\/p>\n","protected":false},"author":3,"featured_media":56472,"comment_status":"open","ping_status":"open","sticky":false,"template":"","format":"standard","meta":{"_exactmetrics_skip_tracking":false,"_exactmetrics_sitenote_active":false,"_exactmetrics_sitenote_note":"","_exactmetrics_sitenote_category":0,"footnotes":""},"categories":[7],"tags":[],"_links":{"self":[{"href":"https:\/\/goiasemtempo.com.br\/home\/wp-json\/wp\/v2\/posts\/56471"}],"collection":[{"href":"https:\/\/goiasemtempo.com.br\/home\/wp-json\/wp\/v2\/posts"}],"about":[{"href":"https:\/\/goiasemtempo.com.br\/home\/wp-json\/wp\/v2\/types\/post"}],"author":[{"embeddable":true,"href":"https:\/\/goiasemtempo.com.br\/home\/wp-json\/wp\/v2\/users\/3"}],"replies":[{"embeddable":true,"href":"https:\/\/goiasemtempo.com.br\/home\/wp-json\/wp\/v2\/comments?post=56471"}],"version-history":[{"count":1,"href":"https:\/\/goiasemtempo.com.br\/home\/wp-json\/wp\/v2\/posts\/56471\/revisions"}],"predecessor-version":[{"id":56473,"href":"https:\/\/goiasemtempo.com.br\/home\/wp-json\/wp\/v2\/posts\/56471\/revisions\/56473"}],"wp:featuredmedia":[{"embeddable":true,"href":"https:\/\/goiasemtempo.com.br\/home\/wp-json\/wp\/v2\/media\/56472"}],"wp:attachment":[{"href":"https:\/\/goiasemtempo.com.br\/home\/wp-json\/wp\/v2\/media?parent=56471"}],"wp:term":[{"taxonomy":"category","embeddable":true,"href":"https:\/\/goiasemtempo.com.br\/home\/wp-json\/wp\/v2\/categories?post=56471"},{"taxonomy":"post_tag","embeddable":true,"href":"https:\/\/goiasemtempo.com.br\/home\/wp-json\/wp\/v2\/tags?post=56471"}],"curies":[{"name":"wp","href":"https:\/\/api.w.org\/{rel}","templated":true}]}}