{"id":56409,"date":"2020-08-30T15:57:17","date_gmt":"2020-08-30T15:57:17","guid":{"rendered":"http:\/\/goiasemtempo.com.br\/home\/?p=56409"},"modified":"2020-08-30T15:59:35","modified_gmt":"2020-08-30T15:59:35","slug":"padre-celebridade-de-trindade-e-socio-de-radio-que-recebeu-r-96-milhoes-da-propria-associacao-diz-mp","status":"publish","type":"post","link":"https:\/\/goiasemtempo.com.br\/home\/padre-celebridade-de-trindade-e-socio-de-radio-que-recebeu-r-96-milhoes-da-propria-associacao-diz-mp\/","title":{"rendered":"Padre de Trindade \u00e9 s\u00f3cio de r\u00e1dio que recebeu R$ 96 milh\u00f5es da associa\u00e7\u00e3o de Padre Robson , diz MP"},"content":{"rendered":"<div class=\"mc-column content-text active-extra-styles \" data-block-type=\"unstyled\" data-block-weight=\"76\" data-block-id=\"2\">\n<p class=\"content-text__container \" data-track-category=\"Link no Texto\" data-track-links=\"\">O padre Ant\u00f4nio Carlos de Oliveira, de 64 anos, lotado como sacerdote no Santu\u00e1rio Bas\u00edlica do Divino Pai Eterno, em <a href=\"https:\/\/g1.globo.com\/go\/goias\/cidade\/trindade-go\/\">Trindade<\/a>, \u00e9 citado no processo do Minist\u00e9rio P\u00fablico de Goi\u00e1s (MP-GO), que investiga poss\u00edveis desvios de dinheiro dos devotos, como s\u00f3cio de uma r\u00e1dio sediada em Goi\u00e2nia e que recebeu 37 transfer\u00eancias que somaram R$ 96 milh\u00f5es da Associa\u00e7\u00e3o Filhos do Pai Eterno e Perp\u00e9tuo Socorro, uma das entidades fundadas pelo <a href=\"https:\/\/g1.globo.com\/tudo-sobre\/padre-robson\/\">padre Robson de Oliveira<\/a>.<\/p>\n<\/div>\n<div class=\"wall protected-content\">\n<div class=\"mc-column content-text active-extra-styles \" data-block-type=\"unstyled\" data-block-weight=\"49\" data-block-id=\"3\">\n<p class=\"content-text__container \" data-track-category=\"Link no Texto\" data-track-links=\"\">Segundo o MP-GO, os pagamentos levantaram a suspeita de lavagem de dinheiro &#8220;em virtude da elevada quantia e da forma empregada para as transfer\u00eancias&#8221;. A investiga\u00e7\u00e3o das movimenta\u00e7\u00f5es financeiras e imobili\u00e1rias das Afipes desencadeou a <a href=\"https:\/\/g1.globo.com\/go\/goias\/noticia\/2020\/08\/21\/mp-go-deflagra-operacao-que-apura-suspeita-de-irregularidades-na-afipe-responsavel-pela-basilica-de-trindade.ghtml\">Opera\u00e7\u00e3o Vendilh\u00f5es<\/a>, que apura desvios de R$ 120 milh\u00f5es nas contas das associa\u00e7\u00f5es.<\/p>\n<\/div>\n<div class=\"mc-column content-text active-extra-styles \" data-block-type=\"unstyled\" data-block-weight=\"49\" data-block-id=\"4\">\n<p class=\"content-text__container \" data-track-category=\"Link no Texto\" data-track-links=\"\">O <strong>G1<\/strong> pediu um posicionamento \u00e0 Ordem Redentorista de Goi\u00e1s, j\u00e1 que o padre pertence \u00e0 Congrega\u00e7\u00e3o do Sant\u00edssimo Redentor, mas n\u00e3o obteve retorno at\u00e9 a publica\u00e7\u00e3o desta reportagem. Outro citado como s\u00f3cio do padre, Anderson Reiner Fernandes, n\u00e3o atendeu \u00e0s liga\u00e7\u00f5es efetuadas na tarde de s\u00e1bado (29).<\/p>\n<\/div>\n<div class=\"mc-column content-text active-extra-styles \" data-block-type=\"unstyled\" data-block-weight=\"88\" data-block-id=\"5\">\n<p class=\"content-text__container \" data-track-category=\"Link no Texto\" data-track-links=\"\">J\u00e1 padre Robson <a href=\"https:\/\/g1.globo.com\/go\/goias\/noticia\/2020\/08\/21\/padre-robson-pede-afastamento-apos-operacao-que-apura-desvio-de-doacoes-de-fieis-na-afipe.ghtml\">nega as irregularidades<\/a>. A defesa do sacerdote informou em nota que ainda se dedica ao inqu\u00e9rito pr\u00f3prio (PIC), ao qual teve acesso apenas nesta semana. &#8220;T\u00e3o logo os advogados acessem todas as suposi\u00e7\u00f5es do Minist\u00e9rio P\u00fablico do Estado de Goi\u00e1s, as informa\u00e7\u00f5es necess\u00e1rias ser\u00e3o prestadas e esclarecidas ponto a ponto. O padre Robson \u00e9 o maior interessado na verdade e na transpar\u00eancia. A defesa aguarda e insiste com o Minist\u00e9rio P\u00fablico para que ele seja ouvido, o que n\u00e3o aconteceu nem foi agendado at\u00e9 ent\u00e3o&#8221;.<\/p>\n<\/div>\n<div class=\"mc-column content-text active-extra-styles \" data-block-type=\"unstyled\" data-block-weight=\"46\" data-block-id=\"7\">\n<p class=\"content-text__container \" data-track-category=\"Link no Texto\" data-track-links=\"\">S\u00e3o tr\u00eas associa\u00e7\u00f5es sob investiga\u00e7\u00e3o que s\u00e3o ligadas ao Santu\u00e1rio Bas\u00edlica de Trindade. Todas foram fundadas por padre Robson: Associa\u00e7\u00e3o Filhos do Pai Eterno, Associa\u00e7\u00e3o Filhos do Pai Eterno e Perp\u00e9tuo Socorro e Associa\u00e7\u00e3o Pai Eterno e Perp\u00e9tuo Socorro. Elas s\u00e3o chamadas, pelos investigadores, de Afipes.<\/p>\n<\/div>\n<div class=\"mc-column content-text active-extra-styles \" data-block-type=\"unstyled\" data-block-weight=\"56\" data-block-id=\"8\">\n<p class=\"content-text__container \" data-track-category=\"Link no Texto\" data-track-links=\"\">As entidades foram criadas pelo padre Robson a partir de 2004, com o objetivo de proporcionar aux\u00edlio na viv\u00eancia da f\u00e9 e propagar a devo\u00e7\u00e3o ao Divino Pai Eterno. O religioso era respons\u00e1vel pela administra\u00e7\u00e3o do Santu\u00e1rio Bas\u00edlica de Trindade, um dos maiores do Brasil, mas se afastou das fun\u00e7\u00f5es temporariamente para colaborar com o MP-GO.<\/p>\n<\/div>\n<\/div>\n<p>&nbsp;<\/p>\n<div class=\"mc-article-body\">\n<article>\n<div class=\"wall protected-content\">\n<div class=\"mc-column content-text active-extra-styles \" data-block-type=\"unstyled\" data-block-weight=\"46\" data-block-id=\"10\">\n<p class=\"content-text__container \" data-track-category=\"Link no Texto\" data-track-links=\"\">Ao todo, os repasses para empresas de comunica\u00e7\u00e3o<a href=\"https:\/\/g1.globo.com\/go\/goias\/noticia\/2020\/08\/29\/afipes-de-padre-robson-desembolsaram-r-456-milhoes-em-pagamentos-para-emissoras-de-radio-e-tv.ghtml\"> somam R$ 456 milh\u00f5es.<\/a> Esses pagamentos tamb\u00e9m s\u00e3o investigados, segundo os promotores, por n\u00e3o ter afinidade com o objetivo final da Afipe, que \u00e9 proporcionar aux\u00edlio na viv\u00eancia da f\u00e9 e propagar a devo\u00e7\u00e3o ao Divino Pai Eterno.<\/p>\n<p data-track-category=\"Link no Texto\" data-track-links=\"\">\u201cAs r\u00e1dios n\u00e3o t\u00eam nada a ver com a regula\u00e7\u00e3o de programa\u00e7\u00e3o religiosa. Est\u00e1 bem distante da finalidade\u201d, disse o promotor de Justi\u00e7a Paulo Penna Prado, que est\u00e1 no grupo da investiga\u00e7\u00e3o do MP-GO.<\/p>\n<\/div>\n<div class=\"mc-column content-text active-extra-styles \" data-block-type=\"unstyled\" data-block-weight=\"44\" data-block-id=\"12\">\n<p class=\"content-text__container \" data-track-category=\"Link no Texto\" data-track-links=\"\">O Minist\u00e9rio P\u00fablico de Goi\u00e1s revela na investiga\u00e7\u00e3o, em documentos enviados ao Tribunal de Justi\u00e7a de Goi\u00e1s, que &#8220;permanecem como s\u00f3cios da referida empresa Anderson Reiner Fernandes e Ant\u00f4nio Carlos de Oliveira, que seria sacerdote na Bas\u00edlica do Divino Pai Eterno, em Trindade&#8221;.<\/p>\n<\/div>\n<div class=\"content-ads content-ads--reveal\" data-block-type=\"ads\" data-block-id=\"13\">\n<div id=\"banner_materia__1f405d99-2861-4520-b55f-6bf83530bbe8\" class=\"tag-manager-publicidade-container mc-has-reveal mc-has-ad-lazyload tag-manager-publicidade-banner_materia__1f405d99-2861-4520-b55f-6bf83530bbe8 tag-manager-publicidade-container--carregado tag-manager-publicidade-container--visivel\" data-id=\"banner_materia__1f405d99-2861-4520-b55f-6bf83530bbe8\" data-google-query-id=\"CKqvxeCjw-sCFfEyuQYd8HgFlA\" data-cid=\"138319318779\" data-lid=\"5444372815\">\n<div id=\"google_ads_iframe_\/95377733\/tvg_G1\/Sua_Regiao&gt;Centro_Oeste&gt;Goias_3__container__\"><\/div>\n<\/div>\n<\/div>\n<div class=\"row medium-uncollapsed content-media content-photo\" data-block-type=\"backstage-photo\" data-block-id=\"14\">\n<div class=\"mc-column content-media__container\">\n<figure><img decoding=\"async\" class=\"i-amphtml-fill-content i-amphtml-replaced-content\" src=\"https:\/\/s2.glbimg.com\/IYuKhy_isWw0IqqS07RxuTNex-w=\/0x0:1700x1065\/984x0\/smart\/filters:strip_icc()\/i.s3.glbimg.com\/v1\/AUTH_59edd422c0c84a879bd37670ae4f538a\/internal_photos\/bs\/2020\/B\/l\/we6L2ATruZ1freGLv1fQ\/casa-de-praia.jpg\" sizes=\"(max-width: 1920px) 648px, 100vw\" srcset=\"https:\/\/s2.glbimg.com\/cp8pKtE7I9BUfeWxVOxSpuMLOco=\/0x0:1700x1065\/1000x0\/smart\/filters:strip_icc()\/i.s3.glbimg.com\/v1\/AUTH_59edd422c0c84a879bd37670ae4f538a\/internal_photos\/bs\/2020\/B\/l\/we6L2ATruZ1freGLv1fQ\/casa-de-praia.jpg 1000w, https:\/\/s2.glbimg.com\/IYuKhy_isWw0IqqS07RxuTNex-w=\/0x0:1700x1065\/984x0\/smart\/filters:strip_icc()\/i.s3.glbimg.com\/v1\/AUTH_59edd422c0c84a879bd37670ae4f538a\/internal_photos\/bs\/2020\/B\/l\/we6L2ATruZ1freGLv1fQ\/casa-de-praia.jpg 984w, https:\/\/s2.glbimg.com\/WeCA5uooOCcGWwH0d4yVmSfsVk4=\/0x0:1700x1065\/640x0\/smart\/filters:strip_icc()\/i.s3.glbimg.com\/v1\/AUTH_59edd422c0c84a879bd37670ae4f538a\/internal_photos\/bs\/2020\/B\/l\/we6L2ATruZ1freGLv1fQ\/casa-de-praia.jpg 640w, https:\/\/s2.glbimg.com\/ek-zzR2apIRA0UifBKJuelCWi6c=\/0x0:1700x1065\/600x0\/smart\/filters:strip_icc()\/i.s3.glbimg.com\/v1\/AUTH_59edd422c0c84a879bd37670ae4f538a\/internal_photos\/bs\/2020\/B\/l\/we6L2ATruZ1freGLv1fQ\/casa-de-praia.jpg 600w\" alt=\"Casa de praia vendida para a Afipe por uma das r\u00e1dios da Celestina \u2014 Foto: Reprodu\u00e7\u00e3o\/Fant\u00e1stico\" \/><\/figure>\n<p class=\"content-media__description \">Casa de praia vendida para a Afipe por uma das r\u00e1dios da Celestina \u2014 Foto: Reprodu\u00e7\u00e3o\/Fant\u00e1stico<\/p>\n<\/div>\n<\/div>\n<div class=\"mc-column content-text active-extra-styles\" data-block-type=\"raw\" data-block-weight=\"3\" data-block-id=\"15\">\n<div class=\"content-intertitle\">\n<h2>Sociedade entre investigados<\/h2>\n<\/div>\n<\/div>\n<div class=\"mc-column content-text active-extra-styles \" data-block-type=\"unstyled\" data-block-weight=\"36\" data-block-id=\"16\">\n<p class=\"content-text__container \" data-track-category=\"Link no Texto\" data-track-links=\"\">S\u00f3cio do padre Ant\u00f4nio Carlos, Anderson Reiner Fernandes \u00e9 advogado da Afipe e aparece diversas vezes na investiga\u00e7\u00e3o por realizar opera\u00e7\u00f5es com as associa\u00e7\u00f5es do Divino Pai Eterno, as quais s\u00e3o consideradas suspeitas pelo MP-GO<\/p>\n<\/div>\n<div class=\"mc-column content-text active-extra-styles \" data-block-type=\"unstyled\" data-block-weight=\"38\" data-block-id=\"17\">\n<p class=\"content-text__container \" data-track-category=\"Link no Texto\" data-track-links=\"\">Anderson Reiner teria feito cinco transa\u00e7\u00f5es imobili\u00e1rias com a Afipe de mais de R$ 2 milh\u00f5es. O neg\u00f3cio da casa de praia na Bahia, por exemplo, vendida \u00e0 entidade, foi feita pela empresa do advogado, conforme o MP-GO.<\/p>\n<\/div>\n<div class=\"mc-column content-text active-extra-styles \" data-block-type=\"unstyled\" data-block-weight=\"56\" data-block-id=\"18\">\n<p class=\"content-text__container \" data-track-category=\"Link no Texto\" data-track-links=\"\">Para chegar ao padre Ant\u00f4nio Carlos, o MP cruzou dados de Anderson na base de dados da Receita Federal do Brasil. Os promotores verificaram que outra pessoa investigada como &#8220;laranja&#8221; do padre Robson tamb\u00e9m foi s\u00f3cia da r\u00e1dio. Trata-se de <a href=\"https:\/\/g1.globo.com\/go\/goias\/noticia\/2020\/08\/28\/investigada-por-desvios-na-afipe-ex-domestica-movimentou-milhoes-em-contas-teve-aviao-e-se-tornou-socia-de-radios.ghtml\">Celestina Celis Bueno, de 59 anos, que foi dona da r\u00e1dio entre 2014 e 2016<\/a>.<\/p>\n<\/div>\n<div class=\"mc-column content-text active-extra-styles \" data-block-type=\"unstyled\" data-block-weight=\"15\" data-block-id=\"19\">\n<p class=\"content-text__container \" data-track-category=\"Link no Texto\" data-track-links=\"\">Advogada de Celestina, Cl\u00e1udia Seixas disse que n\u00e3o ir\u00e1 se manifestar, em respeito \u00e0s investiga\u00e7\u00f5es.<\/p>\n<\/div>\n<div class=\"mc-column content-text active-extra-styles \" data-block-type=\"unstyled\" data-block-weight=\"57\" data-block-id=\"20\">\n<p class=\"content-text__container \" data-track-category=\"Link no Texto\" data-track-links=\"\">Anderson Reiner entrou na sociedade na mesma data que Celestina Bueno saiu, em outubro de 2016. Ela era ex-dom\u00e9stica do Santu\u00e1rio do Divino Pai Eterno entre 2011 e 2014, quando passou a figurar como s\u00f3cia em tr\u00eas emissoras de r\u00e1dio e teve um avi\u00e3o, que foi vendido depois para o padre Robson por R$ 2 milh\u00f5es.<\/p>\n<\/div>\n<div class=\"row medium-uncollapsed content-media content-photo\" data-block-type=\"backstage-photo\" data-block-id=\"22\">\n<div class=\"mc-column content-media__container\">\n<figure><img decoding=\"async\" class=\"i-amphtml-fill-content i-amphtml-replaced-content\" src=\"https:\/\/s2.glbimg.com\/Xdwlu2wt35HFm7XWjEB-4M7Z8kQ=\/0x0:1700x1065\/984x0\/smart\/filters:strip_icc()\/i.s3.glbimg.com\/v1\/AUTH_59edd422c0c84a879bd37670ae4f538a\/internal_photos\/bs\/2020\/E\/j\/bxOVvBTiAAiHigfrTgWg\/celestina.jpg\" sizes=\"(max-width: 1920px) 648px, 100vw\" srcset=\"https:\/\/s2.glbimg.com\/1P7taTjsYuhD_3ay-jajSuRli8I=\/0x0:1700x1065\/1000x0\/smart\/filters:strip_icc()\/i.s3.glbimg.com\/v1\/AUTH_59edd422c0c84a879bd37670ae4f538a\/internal_photos\/bs\/2020\/E\/j\/bxOVvBTiAAiHigfrTgWg\/celestina.jpg 1000w, https:\/\/s2.glbimg.com\/Xdwlu2wt35HFm7XWjEB-4M7Z8kQ=\/0x0:1700x1065\/984x0\/smart\/filters:strip_icc()\/i.s3.glbimg.com\/v1\/AUTH_59edd422c0c84a879bd37670ae4f538a\/internal_photos\/bs\/2020\/E\/j\/bxOVvBTiAAiHigfrTgWg\/celestina.jpg 984w, https:\/\/s2.glbimg.com\/XEkU1aHFVGjKgfHaG1NBpkDxhTM=\/0x0:1700x1065\/640x0\/smart\/filters:strip_icc()\/i.s3.glbimg.com\/v1\/AUTH_59edd422c0c84a879bd37670ae4f538a\/internal_photos\/bs\/2020\/E\/j\/bxOVvBTiAAiHigfrTgWg\/celestina.jpg 640w, https:\/\/s2.glbimg.com\/CjXMnfhLUO1ajsYe9e0hAny-hGQ=\/0x0:1700x1065\/600x0\/smart\/filters:strip_icc()\/i.s3.glbimg.com\/v1\/AUTH_59edd422c0c84a879bd37670ae4f538a\/internal_photos\/bs\/2020\/E\/j\/bxOVvBTiAAiHigfrTgWg\/celestina.jpg 600w\" alt=\"Celestina Celis Bueno figurou s\u00f3cia em empresas e movimentou milh\u00f5es, Goi\u00e1s \u2014 Foto: Reprodu\u00e7\u00e3o\/Facebook\" \/><\/figure>\n<p class=\"content-media__description \">Celestina Celis Bueno figurou s\u00f3cia em empresas e movimentou milh\u00f5es, Goi\u00e1s \u2014 Foto: Reprodu\u00e7\u00e3o\/Facebook<\/p>\n<p>Com Ag\u00eancia de Not\u00edcias\/G1\/<\/p>\n<\/div>\n<\/div>\n<div data-track-category=\"multicontent\" data-track-action=\"ultimo chunk conteudo\" data-track-noninteraction=\"false\" data-track-scroll=\"view\">\n<div class=\"mc-column content-entenda-o-caso\" data-block-type=\"entenda-o-caso\" data-block-id=\"23\"><\/div>\n<\/div>\n<\/div>\n<\/article>\n<\/div>\n<p>&nbsp;<\/p>\n<div id=\"cookie-banner-lgpd\" class=\"cookie-banner-lgpd-visible cookie-banner-lgpd-animated\">\n<div class=\"cookie-banner-lgpd-container\">\n<div class=\"cookie-banner-lgpd_text-box\"><\/div>\n<\/div>\n<\/div>\n","protected":false},"excerpt":{"rendered":"<p>O padre Ant\u00f4nio Carlos de Oliveira, de 64 anos, lotado como sacerdote no Santu\u00e1rio Bas\u00edlica do Divino Pai Eterno, em Trindade, \u00e9 citado no processo do Minist\u00e9rio P\u00fablico de Goi\u00e1s (MP-GO), que investiga poss\u00edveis desvios de dinheiro dos devotos, como s\u00f3cio de uma r\u00e1dio sediada em Goi\u00e2nia e que recebeu 37 transfer\u00eancias que somaram R$ &hellip;<\/p>\n","protected":false},"author":3,"featured_media":0,"comment_status":"open","ping_status":"open","sticky":false,"template":"","format":"standard","meta":{"_exactmetrics_skip_tracking":false,"_exactmetrics_sitenote_active":false,"_exactmetrics_sitenote_note":"","_exactmetrics_sitenote_category":0,"footnotes":""},"categories":[53],"tags":[],"_links":{"self":[{"href":"https:\/\/goiasemtempo.com.br\/home\/wp-json\/wp\/v2\/posts\/56409"}],"collection":[{"href":"https:\/\/goiasemtempo.com.br\/home\/wp-json\/wp\/v2\/posts"}],"about":[{"href":"https:\/\/goiasemtempo.com.br\/home\/wp-json\/wp\/v2\/types\/post"}],"author":[{"embeddable":true,"href":"https:\/\/goiasemtempo.com.br\/home\/wp-json\/wp\/v2\/users\/3"}],"replies":[{"embeddable":true,"href":"https:\/\/goiasemtempo.com.br\/home\/wp-json\/wp\/v2\/comments?post=56409"}],"version-history":[{"count":4,"href":"https:\/\/goiasemtempo.com.br\/home\/wp-json\/wp\/v2\/posts\/56409\/revisions"}],"predecessor-version":[{"id":56414,"href":"https:\/\/goiasemtempo.com.br\/home\/wp-json\/wp\/v2\/posts\/56409\/revisions\/56414"}],"wp:attachment":[{"href":"https:\/\/goiasemtempo.com.br\/home\/wp-json\/wp\/v2\/media?parent=56409"}],"wp:term":[{"taxonomy":"category","embeddable":true,"href":"https:\/\/goiasemtempo.com.br\/home\/wp-json\/wp\/v2\/categories?post=56409"},{"taxonomy":"post_tag","embeddable":true,"href":"https:\/\/goiasemtempo.com.br\/home\/wp-json\/wp\/v2\/tags?post=56409"}],"curies":[{"name":"wp","href":"https:\/\/api.w.org\/{rel}","templated":true}]}}