{"id":5640,"date":"2017-12-25T02:54:25","date_gmt":"2017-12-25T02:54:25","guid":{"rendered":"http:\/\/goiasemtempo.com.br\/home\/?p=5640"},"modified":"2017-12-25T02:54:25","modified_gmt":"2017-12-25T02:54:25","slug":"campanha-recolhe-doacoes-para-abrigos-de-idosos-no-rio","status":"publish","type":"post","link":"https:\/\/goiasemtempo.com.br\/home\/campanha-recolhe-doacoes-para-abrigos-de-idosos-no-rio\/","title":{"rendered":"Campanha recolhe doa\u00e7\u00f5es para abrigos de idosos no Rio"},"content":{"rendered":"<p>A campanha Natal Amigo do Idoso receber\u00e1, at\u00e9 o dia 29 deste m\u00eas, produtos como fraldas geri\u00e1tricas e artigos de higiene pessoal, como sabonete e hidratante, que ser\u00e3o doados para abrigos p\u00fablicos e asilos do Rio de Janeiro que necessitam de ajuda no Rio de Janeiro. A iniciativa \u00e9 da Subsecretaria de Pol\u00edticas para Idosos da Secretaria de Estado de Direitos Humanos e Pol\u00edticas para Mulheres e Idosos.<\/p>\n<p>As doa\u00e7\u00f5es poder\u00e3o ser feitas at\u00e9 o pr\u00f3ximo dia 29, em cinco pontos de coleta na capital fluminense: Shopping Citt\u00e0 America, na Avenida das Am\u00e9ricas, 700, Barra da Tijuca; Aeroporto Santos Dumont; Esta\u00e7\u00e3o BRT Alvorada; Grupo Bandeirantes de Comunica\u00e7\u00e3o, na Rua \u00c1lvaro Ramos, 350, em Botafogo; al\u00e9m da pr\u00f3pria secretaria, na Avenida Erasmo Braga, 118, no centro.<\/p>\n<p>Os produtos arrecadados ser\u00e3o entregues em janeiro, informou o secret\u00e1rio de Direitos Humanos, \u00c1tila Alexandre Nunes. \u201cEm janeiro, junto com uma trupe de artistas, entregaremos o material arrecadado. Al\u00e9m de entregar donativos, levaremos alegria aos idosos\u201d, disse o secret\u00e1rio. \u201cPequenos gestos como esses s\u00e3o muito importantes para os idosos se sentirem amados e n\u00e3o esquecerem que ainda s\u00e3o lembrados pela sociedade\u201d, acrescentou.<\/p>\n<p>Pessoas f\u00edsicas e jur\u00eddicas que quiserem doar produtos em grande quantidade podem marcar uma visita para que a secretaria recolha as doa\u00e7\u00f5es pelo Servi\u00e7o Disque Idoso, no telefone (21) 2334 5500.<\/p>\n","protected":false},"excerpt":{"rendered":"<p>A campanha Natal Amigo do Idoso receber\u00e1, at\u00e9 o dia 29 deste m\u00eas, produtos como fraldas geri\u00e1tricas e artigos de higiene pessoal, como sabonete e hidratante, que ser\u00e3o doados para abrigos p\u00fablicos e asilos do Rio de Janeiro que necessitam de ajuda no Rio de Janeiro. A iniciativa \u00e9 da Subsecretaria de Pol\u00edticas para Idosos &hellip;<\/p>\n","protected":false},"author":2,"featured_media":2550,"comment_status":"open","ping_status":"open","sticky":false,"template":"","format":"standard","meta":{"_exactmetrics_skip_tracking":false,"_exactmetrics_sitenote_active":false,"_exactmetrics_sitenote_note":"","_exactmetrics_sitenote_category":0,"footnotes":""},"categories":[4],"tags":[],"_links":{"self":[{"href":"https:\/\/goiasemtempo.com.br\/home\/wp-json\/wp\/v2\/posts\/5640"}],"collection":[{"href":"https:\/\/goiasemtempo.com.br\/home\/wp-json\/wp\/v2\/posts"}],"about":[{"href":"https:\/\/goiasemtempo.com.br\/home\/wp-json\/wp\/v2\/types\/post"}],"author":[{"embeddable":true,"href":"https:\/\/goiasemtempo.com.br\/home\/wp-json\/wp\/v2\/users\/2"}],"replies":[{"embeddable":true,"href":"https:\/\/goiasemtempo.com.br\/home\/wp-json\/wp\/v2\/comments?post=5640"}],"version-history":[{"count":1,"href":"https:\/\/goiasemtempo.com.br\/home\/wp-json\/wp\/v2\/posts\/5640\/revisions"}],"predecessor-version":[{"id":5641,"href":"https:\/\/goiasemtempo.com.br\/home\/wp-json\/wp\/v2\/posts\/5640\/revisions\/5641"}],"wp:featuredmedia":[{"embeddable":true,"href":"https:\/\/goiasemtempo.com.br\/home\/wp-json\/wp\/v2\/media\/2550"}],"wp:attachment":[{"href":"https:\/\/goiasemtempo.com.br\/home\/wp-json\/wp\/v2\/media?parent=5640"}],"wp:term":[{"taxonomy":"category","embeddable":true,"href":"https:\/\/goiasemtempo.com.br\/home\/wp-json\/wp\/v2\/categories?post=5640"},{"taxonomy":"post_tag","embeddable":true,"href":"https:\/\/goiasemtempo.com.br\/home\/wp-json\/wp\/v2\/tags?post=5640"}],"curies":[{"name":"wp","href":"https:\/\/api.w.org\/{rel}","templated":true}]}}