{"id":56372,"date":"2020-08-29T16:09:41","date_gmt":"2020-08-29T16:09:41","guid":{"rendered":"http:\/\/goiasemtempo.com.br\/home\/?p=56372"},"modified":"2020-08-29T16:09:41","modified_gmt":"2020-08-29T16:09:41","slug":"incendio-atinge-vegetacao-no-parque-dos-pireneus-em-pirenopolis","status":"publish","type":"post","link":"https:\/\/goiasemtempo.com.br\/home\/incendio-atinge-vegetacao-no-parque-dos-pireneus-em-pirenopolis\/","title":{"rendered":"Inc\u00eandio atinge vegeta\u00e7\u00e3o no Parque dos Pireneus, em Piren\u00f3polis"},"content":{"rendered":"<p>Um inc\u00eandio atingiu o <strong>Parque Estadual dos Pireneus<\/strong>, em <a href=\"https:\/\/www.emaisgoias.com.br\/?s=Piren%C3%B3polis+\" target=\"_blank\" rel=\"noopener noreferrer\"><strong>Piren\u00f3polis<\/strong><\/a>, na noite de sexta-feira (28). Segundo informa\u00e7\u00f5es do <strong><a href=\"https:\/\/www.bombeiros.go.gov.br\/\">Corpo de Bombeiros,<\/a><\/strong> foram v\u00e1rios focos de inc\u00eandio simult\u00e2neos ao longo da GO-070. As chamas j\u00e1 foram controladas e o local est\u00e1 sob monitoramento.<\/p>\n<p>As chamas foram percebidas por volta das 19h. Desde ent\u00e3o, cerca de 15 pessoas entre bombeiros militares, brigadistas do Parque, funcion\u00e1rios da <strong>Fazenda Tabapu\u00e3<\/strong> e outros volunt\u00e1rios atuaram no combate ao fogo.<\/p>\n<p>Por ser uma regi\u00e3o complexa quanto ao acesso, as equipes utilizaram sopradores, al\u00e9m de t\u00e9cnicas de contra fogo para conseguir controlar as chamas completamente.<\/p>\n<p>At\u00e9 o momento, n\u00e3o h\u00e1 informa\u00e7\u00f5es sobre as causas do fogo, mas h\u00e1 suspeita de que o inc\u00eandio tenha sido <strong>criminoso.<\/strong><\/p>\n","protected":false},"excerpt":{"rendered":"<p>Um inc\u00eandio atingiu o Parque Estadual dos Pireneus, em Piren\u00f3polis, na noite de sexta-feira (28). Segundo informa\u00e7\u00f5es do Corpo de Bombeiros, foram v\u00e1rios focos de inc\u00eandio simult\u00e2neos ao longo da GO-070. As chamas j\u00e1 foram controladas e o local est\u00e1 sob monitoramento. As chamas foram percebidas por volta das 19h. Desde ent\u00e3o, cerca de 15 &hellip;<\/p>\n","protected":false},"author":3,"featured_media":56373,"comment_status":"open","ping_status":"open","sticky":false,"template":"","format":"standard","meta":{"_exactmetrics_skip_tracking":false,"_exactmetrics_sitenote_active":false,"_exactmetrics_sitenote_note":"","_exactmetrics_sitenote_category":0,"footnotes":""},"categories":[7,4],"tags":[],"_links":{"self":[{"href":"https:\/\/goiasemtempo.com.br\/home\/wp-json\/wp\/v2\/posts\/56372"}],"collection":[{"href":"https:\/\/goiasemtempo.com.br\/home\/wp-json\/wp\/v2\/posts"}],"about":[{"href":"https:\/\/goiasemtempo.com.br\/home\/wp-json\/wp\/v2\/types\/post"}],"author":[{"embeddable":true,"href":"https:\/\/goiasemtempo.com.br\/home\/wp-json\/wp\/v2\/users\/3"}],"replies":[{"embeddable":true,"href":"https:\/\/goiasemtempo.com.br\/home\/wp-json\/wp\/v2\/comments?post=56372"}],"version-history":[{"count":1,"href":"https:\/\/goiasemtempo.com.br\/home\/wp-json\/wp\/v2\/posts\/56372\/revisions"}],"predecessor-version":[{"id":56374,"href":"https:\/\/goiasemtempo.com.br\/home\/wp-json\/wp\/v2\/posts\/56372\/revisions\/56374"}],"wp:featuredmedia":[{"embeddable":true,"href":"https:\/\/goiasemtempo.com.br\/home\/wp-json\/wp\/v2\/media\/56373"}],"wp:attachment":[{"href":"https:\/\/goiasemtempo.com.br\/home\/wp-json\/wp\/v2\/media?parent=56372"}],"wp:term":[{"taxonomy":"category","embeddable":true,"href":"https:\/\/goiasemtempo.com.br\/home\/wp-json\/wp\/v2\/categories?post=56372"},{"taxonomy":"post_tag","embeddable":true,"href":"https:\/\/goiasemtempo.com.br\/home\/wp-json\/wp\/v2\/tags?post=56372"}],"curies":[{"name":"wp","href":"https:\/\/api.w.org\/{rel}","templated":true}]}}