{"id":56363,"date":"2020-08-29T15:54:22","date_gmt":"2020-08-29T15:54:22","guid":{"rendered":"http:\/\/goiasemtempo.com.br\/home\/?p=56363"},"modified":"2020-08-29T15:55:16","modified_gmt":"2020-08-29T15:55:16","slug":"fluminense-e-vasco-fazem-classico-deste-sabado-no-brasileirao","status":"publish","type":"post","link":"https:\/\/goiasemtempo.com.br\/home\/fluminense-e-vasco-fazem-classico-deste-sabado-no-brasileirao\/","title":{"rendered":"Fluminense e Vasco fazem cl\u00e1ssico deste s\u00e1bado no Brasileir\u00e3o"},"content":{"rendered":"<p>Fluminense e Vasco fazem o cl\u00e1ssico de s\u00e1bado da 6\u00aa rodada do Campeonato Brasileiro. As duas equipes entram em campo neste s\u00e1bado (29) \u00e0s 19h (hor\u00e1rio de Bras\u00edlia), no Maracan\u00e3, com a promessa de um jogo equilibrado valendo as primeiras posi\u00e7\u00f5es na classifica\u00e7\u00e3o.<img decoding=\"async\" src=\"https:\/\/agenciabrasil.ebc.com.br\/ebc.png?id=1315180&amp;o=node\" \/><img decoding=\"async\" src=\"https:\/\/agenciabrasil.ebc.com.br\/ebc.gif?id=1315180&amp;o=node\" \/><\/p>\n<p>O Tricolor vem de duas vit\u00f3rias importantes. Pelo Brasileir\u00e3o, superou o Athletico-PR, na Arena da Baixada, e se recuperou da derrota contra o Bragantino na rodada anterior. Com isso, o Fluminense chegou a sete pontos. No meio da semana, a equipe de Odair Hellmann mostrou um belo futebol contou com o show de Nen\u00ea para vencer o Figueirense por 3 a 0, avan\u00e7ando na Copa do Brasil.<\/p>\n<div class=\"twitter-tweet twitter-tweet-rendered\"><iframe id=\"twitter-widget-0\" class=\"\" title=\"Twitter Tweet\" src=\"https:\/\/platform.twitter.com\/embed\/index.html?creatorScreenName=agenciabrasil&amp;dnt=false&amp;embedId=twitter-widget-0&amp;frame=false&amp;hideCard=false&amp;hideThread=false&amp;id=1298452596907278336&amp;lang=pt&amp;origin=https%3A%2F%2Fagenciabrasil.ebc.com.br%2Fesportes%2Fnoticia%2F2020-08%2Ffluminense-e-vasco-fazem-classico-deste-sabado-no-brasileirao&amp;siteScreenName=agenciabrasil&amp;theme=light&amp;widgetsVersion=223fc1c4%3A1596143124634&amp;width=550px\" frameborder=\"0\" scrolling=\"no\" allowfullscreen=\"allowfullscreen\" data-tweet-id=\"1298452596907278336\" data-mce-fragment=\"1\"><\/iframe><\/div>\n<p>Titular nas duas \u00faltimas partidas do Fluminense, o lateral-direito Calegari mostrou confian\u00e7a para o cl\u00e1ssico deste s\u00e1bado: \u201cA expectativa para o jogo \u00e9 muito boa. Estamos vindo de duas grandes vit\u00f3rias, de uma vit\u00f3ria fora de casa e de uma classifica\u00e7\u00e3o contra o Figueirense. A expectativa \u00e9 muito boa para o cl\u00e1ssico e, com certeza, vamos chegar no s\u00e1bado com proposta de ganhar o jogo novamente, buscar os tr\u00eas pontos para continuar subindo na tabela\u201d.<\/p>\n<p>O t\u00e9cnico Odair Hellmann tem um desfalque para o jogo. O goleiro Muriel sofreu um desconforto na perna esquerda e n\u00e3o vai para a partida. O Fluminense deve entrar em campo com Marcos Felipe; Calegari, Nino, Luccas Claro e Eg\u00eddio; Yuri, Dodi e Michel Ara\u00fajo; Nen\u00ea, Marcos Paulo e Evanilson.<\/p>\n<h2>Melhor defesa do campeonato<\/h2>\n<p>Dono da melhor defesa do Campeonato Brasileiro, com apenas um gol sofrido, o segundo melhor ataque, com sete gols marcados e na segunda posi\u00e7\u00e3o na classifica\u00e7\u00e3o, com 10 pontos, o Vasco entra em campo neste s\u00e1bado para manter a boa fase. Sob o comando do t\u00e9cnico Ramon Menezes, em jogos oficiais, o time venceu seis partidas e empatou uma. S\u00e3o 13 gols marcados e apenas tr\u00eas sofridos.<\/p>\n<div class=\"twitter-tweet twitter-tweet-rendered\"><iframe id=\"twitter-widget-1\" class=\"\" title=\"Twitter Tweet\" src=\"https:\/\/platform.twitter.com\/embed\/index.html?creatorScreenName=agenciabrasil&amp;dnt=false&amp;embedId=twitter-widget-1&amp;frame=false&amp;hideCard=false&amp;hideThread=false&amp;id=1298814033471123457&amp;lang=pt&amp;origin=https%3A%2F%2Fagenciabrasil.ebc.com.br%2Fesportes%2Fnoticia%2F2020-08%2Ffluminense-e-vasco-fazem-classico-deste-sabado-no-brasileirao&amp;siteScreenName=agenciabrasil&amp;theme=light&amp;widgetsVersion=223fc1c4%3A1596143124634&amp;width=550px\" frameborder=\"0\" scrolling=\"no\" allowfullscreen=\"allowfullscreen\" data-tweet-id=\"1298814033471123457\" data-mce-fragment=\"1\"><\/iframe><\/div>\n<p>Na v\u00e9spera do confronto com o Fluminense, Ramon falou sobre a expectativa do cl\u00e1ssico: \u201c\u00c9 mais uma decis\u00e3o pra gente. Vejo todos esses jogos como decisivos, como final de campeonato. Tenho passado isso para os nossos atletas e eles t\u00eam entendido muito bem isso, o que \u00e9 vestir a camisa do Vasco da Gama. Ent\u00e3o \u00e9 com esse esp\u00edrito e com essa atitude que n\u00f3s vamos fazer mais um grande jogo, tenho certeza\u201d.<\/p>\n<p>Apesar da confian\u00e7a, o Gigante da Colina ter\u00e1 um desafio maior neste s\u00e1bado. Ramon n\u00e3o vai poder contar com tr\u00eas titulares. Andrey est\u00e1 suspenso por ter recebido o terceiro cart\u00e3o amarelo. Bruno Gomes e Vin\u00edcius testaram positivo para o novo coronav\u00edrus (covid-19) e foram afastados.<\/p>\n<p>Desta forma, o Vasco deve entrar em campo com Fernando Miguel; Yago Pikachu, Ricardo Gra\u00e7a, Leandro Cast\u00e1n e Henrique; Carlinhos, Fellipe Bastos e Ben\u00edtez; Talles Magno, Guilherme Parede e Germ\u00e1n Cano.<\/p>\n","protected":false},"excerpt":{"rendered":"<p>Fluminense e Vasco fazem o cl\u00e1ssico de s\u00e1bado da 6\u00aa rodada do Campeonato Brasileiro. As duas equipes entram em campo neste s\u00e1bado (29) \u00e0s 19h (hor\u00e1rio de Bras\u00edlia), no Maracan\u00e3, com a promessa de um jogo equilibrado valendo as primeiras posi\u00e7\u00f5es na classifica\u00e7\u00e3o. O Tricolor vem de duas vit\u00f3rias importantes. Pelo Brasileir\u00e3o, superou o Athletico-PR, &hellip;<\/p>\n","protected":false},"author":3,"featured_media":56364,"comment_status":"open","ping_status":"open","sticky":false,"template":"","format":"standard","meta":{"_exactmetrics_skip_tracking":false,"_exactmetrics_sitenote_active":false,"_exactmetrics_sitenote_note":"","_exactmetrics_sitenote_category":0,"footnotes":""},"categories":[36],"tags":[],"_links":{"self":[{"href":"https:\/\/goiasemtempo.com.br\/home\/wp-json\/wp\/v2\/posts\/56363"}],"collection":[{"href":"https:\/\/goiasemtempo.com.br\/home\/wp-json\/wp\/v2\/posts"}],"about":[{"href":"https:\/\/goiasemtempo.com.br\/home\/wp-json\/wp\/v2\/types\/post"}],"author":[{"embeddable":true,"href":"https:\/\/goiasemtempo.com.br\/home\/wp-json\/wp\/v2\/users\/3"}],"replies":[{"embeddable":true,"href":"https:\/\/goiasemtempo.com.br\/home\/wp-json\/wp\/v2\/comments?post=56363"}],"version-history":[{"count":1,"href":"https:\/\/goiasemtempo.com.br\/home\/wp-json\/wp\/v2\/posts\/56363\/revisions"}],"predecessor-version":[{"id":56365,"href":"https:\/\/goiasemtempo.com.br\/home\/wp-json\/wp\/v2\/posts\/56363\/revisions\/56365"}],"wp:featuredmedia":[{"embeddable":true,"href":"https:\/\/goiasemtempo.com.br\/home\/wp-json\/wp\/v2\/media\/56364"}],"wp:attachment":[{"href":"https:\/\/goiasemtempo.com.br\/home\/wp-json\/wp\/v2\/media?parent=56363"}],"wp:term":[{"taxonomy":"category","embeddable":true,"href":"https:\/\/goiasemtempo.com.br\/home\/wp-json\/wp\/v2\/categories?post=56363"},{"taxonomy":"post_tag","embeddable":true,"href":"https:\/\/goiasemtempo.com.br\/home\/wp-json\/wp\/v2\/tags?post=56363"}],"curies":[{"name":"wp","href":"https:\/\/api.w.org\/{rel}","templated":true}]}}