{"id":56265,"date":"2020-08-24T23:12:36","date_gmt":"2020-08-24T23:12:36","guid":{"rendered":"http:\/\/goiasemtempo.com.br\/home\/?p=56265"},"modified":"2020-08-24T23:12:36","modified_gmt":"2020-08-24T23:12:36","slug":"iris-avisa-para-aliados-que-nao-sera-candidato-a-reeleicao","status":"publish","type":"post","link":"https:\/\/goiasemtempo.com.br\/home\/iris-avisa-para-aliados-que-nao-sera-candidato-a-reeleicao\/","title":{"rendered":"Iris avisa para aliados que n\u00e3o ser\u00e1 candidato \u00e0 reelei\u00e7\u00e3o"},"content":{"rendered":"<p>O prefeito Iris Rezende (MDB) comunicou a aliados, na tarde desta segunda-feira (24), que n\u00e3o ser\u00e1 candidato \u00e0 reelei\u00e7\u00e3o \u00e0\u00a0<a href=\"https:\/\/www.goiania.go.gov.br\/\" target=\"_blank\" rel=\"noopener noreferrer\"><strong>prefeitura de Goi\u00e2nia<\/strong><\/a>. Passaram, pelo seu gabinete, figuras como o presidente regional do MDB, Daniel Vilela, e o ex-deputado\u00a0<a href=\"https:\/\/www.emaisgoias.com.br\/blog-post\/noponto\/iris-rezende-se-encontra-com-livio-luciano-e-daniel-vilela\/\" target=\"_blank\" rel=\"noopener noreferrer\"><strong>L\u00edvio Luciano<\/strong><\/a>\u00a0(Podemos). Iris realizar\u00e1 uma coletiva \u00e0s 11 horas desta ter\u00e7a-feira para comunicar a decis\u00e3o.<\/p>\n<p>Especula-se que o candidato do MDB em Goi\u00e2nia ser\u00e1 o ex-governador Maguito Vilela.<\/p>\n<p>Mais cedo, o portal j\u00e1 havia apurado, por meio de um vereador, que o prefeito faria um an\u00fancio no Pa\u00e7o Municipal, nesta ter\u00e7a-feira (25) e que isto era um\u00a0<a href=\"https:\/\/www.emaisgoias.com.br\/aliados-esperam-definicao-de-iris-sobre-candidatura-nesta-terca-25\/\" target=\"_blank\" rel=\"noopener noreferrer\">indicativo de que ele n\u00e3o estaria na disputa<\/a>.<\/p>\n<div class=\"m-banner-wrap m-publicity-content-middle\"><\/div>\n<p>\u201cA lei veda que agentes p\u00fablicos se declarem candidatos em pr\u00e9dios p\u00fablicos\u201d, revelou.<\/p>\n<p>O presidente da sigla, Daniel Vilela, diz que Iris n\u00e3o falar\u00e1 sobre quem ser\u00e1 candidato. Apenas se ele ser\u00e1 ou n\u00e3o.<\/p>\n<p>Sobre isso, a decis\u00e3o vir\u00e1 depois, caso ele, de fato, n\u00e3o seja.<\/p>\n<div class=\"m-banner-wrap m-publicity-content-middle\"><\/div>\n<h2>Confirmado<\/h2>\n<p>Em nota, a prefeitura de Goi\u00e2nia informou que o prefeito Iris Rezende far\u00e1 um pronunciamento nesta ter\u00e7a-feira, \u00e0s 11h30, no sexto andar do Pa\u00e7o Municipal. \u201cN\u00e3o haver\u00e1 entrevista coletiva, mas ser\u00e1 aberto para o acompanhamento dos jornalistas e cinegrafistas.\u201d<\/p>\n<p>Com Ag\u00eancia de Not\u00edcias\/MGoi\u00e1s\/<\/p>\n","protected":false},"excerpt":{"rendered":"<p>O prefeito Iris Rezende (MDB) comunicou a aliados, na tarde desta segunda-feira (24), que n\u00e3o ser\u00e1 candidato \u00e0 reelei\u00e7\u00e3o \u00e0\u00a0prefeitura de Goi\u00e2nia. Passaram, pelo seu gabinete, figuras como o presidente regional do MDB, Daniel Vilela, e o ex-deputado\u00a0L\u00edvio Luciano\u00a0(Podemos). Iris realizar\u00e1 uma coletiva \u00e0s 11 horas desta ter\u00e7a-feira para comunicar a decis\u00e3o. Especula-se que o &hellip;<\/p>\n","protected":false},"author":3,"featured_media":56266,"comment_status":"open","ping_status":"open","sticky":false,"template":"","format":"standard","meta":{"_exactmetrics_skip_tracking":false,"_exactmetrics_sitenote_active":false,"_exactmetrics_sitenote_note":"","_exactmetrics_sitenote_category":0,"footnotes":""},"categories":[7,19,2],"tags":[],"_links":{"self":[{"href":"https:\/\/goiasemtempo.com.br\/home\/wp-json\/wp\/v2\/posts\/56265"}],"collection":[{"href":"https:\/\/goiasemtempo.com.br\/home\/wp-json\/wp\/v2\/posts"}],"about":[{"href":"https:\/\/goiasemtempo.com.br\/home\/wp-json\/wp\/v2\/types\/post"}],"author":[{"embeddable":true,"href":"https:\/\/goiasemtempo.com.br\/home\/wp-json\/wp\/v2\/users\/3"}],"replies":[{"embeddable":true,"href":"https:\/\/goiasemtempo.com.br\/home\/wp-json\/wp\/v2\/comments?post=56265"}],"version-history":[{"count":1,"href":"https:\/\/goiasemtempo.com.br\/home\/wp-json\/wp\/v2\/posts\/56265\/revisions"}],"predecessor-version":[{"id":56267,"href":"https:\/\/goiasemtempo.com.br\/home\/wp-json\/wp\/v2\/posts\/56265\/revisions\/56267"}],"wp:featuredmedia":[{"embeddable":true,"href":"https:\/\/goiasemtempo.com.br\/home\/wp-json\/wp\/v2\/media\/56266"}],"wp:attachment":[{"href":"https:\/\/goiasemtempo.com.br\/home\/wp-json\/wp\/v2\/media?parent=56265"}],"wp:term":[{"taxonomy":"category","embeddable":true,"href":"https:\/\/goiasemtempo.com.br\/home\/wp-json\/wp\/v2\/categories?post=56265"},{"taxonomy":"post_tag","embeddable":true,"href":"https:\/\/goiasemtempo.com.br\/home\/wp-json\/wp\/v2\/tags?post=56265"}],"curies":[{"name":"wp","href":"https:\/\/api.w.org\/{rel}","templated":true}]}}