{"id":56262,"date":"2020-08-24T23:08:46","date_gmt":"2020-08-24T23:08:46","guid":{"rendered":"http:\/\/goiasemtempo.com.br\/home\/?p=56262"},"modified":"2020-08-24T23:08:46","modified_gmt":"2020-08-24T23:08:46","slug":"ans-suspende-reajuste-de-planos-de-saude","status":"publish","type":"post","link":"https:\/\/goiasemtempo.com.br\/home\/ans-suspende-reajuste-de-planos-de-saude\/","title":{"rendered":"ANS suspende reajuste de planos de sa\u00fade"},"content":{"rendered":"<p>No in\u00edcio de maio, a OAB Nacional encaminhou um of\u00edcio para a Ag\u00eancia Nacional de Sa\u00fade Complementar (ANS) solicitando a suspens\u00e3o do reajuste anual dos planos de sa\u00fade coletivos por ades\u00e3o, no per\u00edodo de maio a dezembro deste ano. Na sexta-feira (21), a ANS suspendeu a aplica\u00e7\u00e3o de reajustes de todos os planos de sa\u00fade, pelo per\u00edodo de 120 dias.<\/p>\n<p>No documento remetido pela OAB, foi ressaltado o momento da grave crise sanit\u00e1ria com reflexos \u201cecon\u00f4micos graves e evidentes\u201d, que estavam afetando diretamente \u201ca realidade dos aproximadamente 6 milh\u00f5es de benefici\u00e1rios, dentre eles centenas de milhares de advogados, que utilizam planos de assist\u00eancia \u00e0 sa\u00fade coletivos por ades\u00e3o\u201d. O documento foi assinado pelo presidente do Conselho Federal, Felipe Santa Cruz, e pelo coordenador nacional da Concad, Pedro Alfons\u00edn.<\/p>\n<p>A decis\u00e3o tomada pela ANS, afeta todos os planos de sa\u00fade: individual\/familiar e coletivos \u2013 por ades\u00e3o e empresariais \u2013 e ser\u00e1 aplicada para reajustes anuais e por mudan\u00e7a de faixa et\u00e1ria dos planos de assist\u00eancia m\u00e9dica e exclusivamente odontol\u00f3gica.<\/p>\n","protected":false},"excerpt":{"rendered":"<p>No in\u00edcio de maio, a OAB Nacional encaminhou um of\u00edcio para a Ag\u00eancia Nacional de Sa\u00fade Complementar (ANS) solicitando a suspens\u00e3o do reajuste anual dos planos de sa\u00fade coletivos por ades\u00e3o, no per\u00edodo de maio a dezembro deste ano. Na sexta-feira (21), a ANS suspendeu a aplica\u00e7\u00e3o de reajustes de todos os planos de sa\u00fade, &hellip;<\/p>\n","protected":false},"author":3,"featured_media":56263,"comment_status":"open","ping_status":"open","sticky":false,"template":"","format":"standard","meta":{"_exactmetrics_skip_tracking":false,"_exactmetrics_sitenote_active":false,"_exactmetrics_sitenote_note":"","_exactmetrics_sitenote_category":0,"footnotes":""},"categories":[16],"tags":[],"_links":{"self":[{"href":"https:\/\/goiasemtempo.com.br\/home\/wp-json\/wp\/v2\/posts\/56262"}],"collection":[{"href":"https:\/\/goiasemtempo.com.br\/home\/wp-json\/wp\/v2\/posts"}],"about":[{"href":"https:\/\/goiasemtempo.com.br\/home\/wp-json\/wp\/v2\/types\/post"}],"author":[{"embeddable":true,"href":"https:\/\/goiasemtempo.com.br\/home\/wp-json\/wp\/v2\/users\/3"}],"replies":[{"embeddable":true,"href":"https:\/\/goiasemtempo.com.br\/home\/wp-json\/wp\/v2\/comments?post=56262"}],"version-history":[{"count":1,"href":"https:\/\/goiasemtempo.com.br\/home\/wp-json\/wp\/v2\/posts\/56262\/revisions"}],"predecessor-version":[{"id":56264,"href":"https:\/\/goiasemtempo.com.br\/home\/wp-json\/wp\/v2\/posts\/56262\/revisions\/56264"}],"wp:featuredmedia":[{"embeddable":true,"href":"https:\/\/goiasemtempo.com.br\/home\/wp-json\/wp\/v2\/media\/56263"}],"wp:attachment":[{"href":"https:\/\/goiasemtempo.com.br\/home\/wp-json\/wp\/v2\/media?parent=56262"}],"wp:term":[{"taxonomy":"category","embeddable":true,"href":"https:\/\/goiasemtempo.com.br\/home\/wp-json\/wp\/v2\/categories?post=56262"},{"taxonomy":"post_tag","embeddable":true,"href":"https:\/\/goiasemtempo.com.br\/home\/wp-json\/wp\/v2\/tags?post=56262"}],"curies":[{"name":"wp","href":"https:\/\/api.w.org\/{rel}","templated":true}]}}