{"id":56236,"date":"2020-08-21T01:24:05","date_gmt":"2020-08-21T01:24:05","guid":{"rendered":"http:\/\/goiasemtempo.com.br\/home\/?p=56236"},"modified":"2020-08-21T01:24:05","modified_gmt":"2020-08-21T01:24:05","slug":"contrato-do-estado-de-goias-com-os-dos-hcamps-de-sao-luis-e-aguas-lindas-e-suspenso","status":"publish","type":"post","link":"https:\/\/goiasemtempo.com.br\/home\/contrato-do-estado-de-goias-com-os-dos-hcamps-de-sao-luis-e-aguas-lindas-e-suspenso\/","title":{"rendered":"Contrato do Estado de Goi\u00e1s com OS dos HCamps de S\u00e3o Lu\u00eds e \u00c1guas Lindas \u00e9 suspenso"},"content":{"rendered":"<p>Foi publicado no Di\u00e1rio Oficial do Estado, nesta quinta-feira (20), o\u00a0<a href=\"http:\/\/diariooficial.abc.go.gov.br\/portal\/visualizacoes\/pdf\/4343\/#\/p:1\/e:4343\">Despacho 372\/2020<\/a>, assinado pelo governador Ronaldo Caiado (DEM), que suspende os contratos de operacionaliza\u00e7\u00e3o e a execu\u00e7\u00e3o de a\u00e7\u00f5es e servi\u00e7os de sa\u00fade firmados entre a Secretaria Estadual de Sa\u00fade e o Instituto Lagos-Rio. A Organiza\u00e7\u00e3o Social (OS) \u00e9 respons\u00e1vel pela gest\u00e3o Policl\u00ednica Regional de Posse e dos Hospitais de Campanha (HCamp) de \u00c1guas Lindas e de S\u00e3o Luiz dos Montes Belos.<\/p>\n<p>A justificativa \u00e9 que em julho, a SES pediu a desqualifica\u00e7\u00e3o da OS, ap\u00f3s o instituto ter sido alvo de opera\u00e7\u00e3o do Minist\u00e9rio P\u00fablico do Rio de Janeiro. Ele \u00e9 investigado por suspeita de desvios de mais de R$ 9 milh\u00f5es na gest\u00e3o de hospitais do Estado.<\/p>\n<p>Al\u00e9m disso, \u00e9 sustentado que a SES encontrou v\u00e1rias irregularidades na gest\u00e3o da OS, entre elas o n\u00e3o cumprimento do prazo para apresentar projeto de implanta\u00e7\u00e3o do servi\u00e7o de hemodi\u00e1lise na Policl\u00ednica de Posse. No HCamp de \u00c1guas Lindas, a secretaria tamb\u00e9m teria tido de pressionar para que acordos contratuais fossem cumpridos. Outra justificativa \u00e9 que a institui\u00e7\u00e3o atrasou o in\u00edcio das atividades no hospital de S\u00e3o Luiz de Montes Belos.<\/p>\n<p>De acordo com o despacho publicado hoje, ficam suspensos os Contratos de Gest\u00e3o 1\/2020\/SES, 29\/2020\/SES e 30\/2020\/SES referentes aos tr\u00eas munic\u00edpios. Tamb\u00e9m fica determinado que n\u00e3o seja iniciada e nem prorrogada a execu\u00e7\u00e3o de Contratos de Gest\u00e3o 2\/2020\/SES e 2\/2020\/SES no \u00e2mbito das Policl\u00ednicas Regionais de Quirin\u00f3polis e Goian\u00e9sia. Para que n\u00e3o haja paralisa\u00e7\u00e3o das atividades das unidades de sa\u00fade, o despacho prev\u00ea um cronograma de transi\u00e7\u00e3o da gest\u00e3o.<\/p>\n","protected":false},"excerpt":{"rendered":"<p>Foi publicado no Di\u00e1rio Oficial do Estado, nesta quinta-feira (20), o\u00a0Despacho 372\/2020, assinado pelo governador Ronaldo Caiado (DEM), que suspende os contratos de operacionaliza\u00e7\u00e3o e a execu\u00e7\u00e3o de a\u00e7\u00f5es e servi\u00e7os de sa\u00fade firmados entre a Secretaria Estadual de Sa\u00fade e o Instituto Lagos-Rio. A Organiza\u00e7\u00e3o Social (OS) \u00e9 respons\u00e1vel pela gest\u00e3o Policl\u00ednica Regional de &hellip;<\/p>\n","protected":false},"author":3,"featured_media":56237,"comment_status":"open","ping_status":"open","sticky":false,"template":"","format":"standard","meta":{"_exactmetrics_skip_tracking":false,"_exactmetrics_sitenote_active":false,"_exactmetrics_sitenote_note":"","_exactmetrics_sitenote_category":0,"footnotes":""},"categories":[26,19],"tags":[],"_links":{"self":[{"href":"https:\/\/goiasemtempo.com.br\/home\/wp-json\/wp\/v2\/posts\/56236"}],"collection":[{"href":"https:\/\/goiasemtempo.com.br\/home\/wp-json\/wp\/v2\/posts"}],"about":[{"href":"https:\/\/goiasemtempo.com.br\/home\/wp-json\/wp\/v2\/types\/post"}],"author":[{"embeddable":true,"href":"https:\/\/goiasemtempo.com.br\/home\/wp-json\/wp\/v2\/users\/3"}],"replies":[{"embeddable":true,"href":"https:\/\/goiasemtempo.com.br\/home\/wp-json\/wp\/v2\/comments?post=56236"}],"version-history":[{"count":1,"href":"https:\/\/goiasemtempo.com.br\/home\/wp-json\/wp\/v2\/posts\/56236\/revisions"}],"predecessor-version":[{"id":56238,"href":"https:\/\/goiasemtempo.com.br\/home\/wp-json\/wp\/v2\/posts\/56236\/revisions\/56238"}],"wp:featuredmedia":[{"embeddable":true,"href":"https:\/\/goiasemtempo.com.br\/home\/wp-json\/wp\/v2\/media\/56237"}],"wp:attachment":[{"href":"https:\/\/goiasemtempo.com.br\/home\/wp-json\/wp\/v2\/media?parent=56236"}],"wp:term":[{"taxonomy":"category","embeddable":true,"href":"https:\/\/goiasemtempo.com.br\/home\/wp-json\/wp\/v2\/categories?post=56236"},{"taxonomy":"post_tag","embeddable":true,"href":"https:\/\/goiasemtempo.com.br\/home\/wp-json\/wp\/v2\/tags?post=56236"}],"curies":[{"name":"wp","href":"https:\/\/api.w.org\/{rel}","templated":true}]}}