{"id":56165,"date":"2020-08-12T00:21:29","date_gmt":"2020-08-12T00:21:29","guid":{"rendered":"http:\/\/goiasemtempo.com.br\/home\/?p=56165"},"modified":"2020-08-12T00:21:29","modified_gmt":"2020-08-12T00:21:29","slug":"jose-nelto-diz-que-populacao-sabera-separar-os-corruptos-dos-honestos-nas-eleicoes-municipais","status":"publish","type":"post","link":"https:\/\/goiasemtempo.com.br\/home\/jose-nelto-diz-que-populacao-sabera-separar-os-corruptos-dos-honestos-nas-eleicoes-municipais\/","title":{"rendered":"Jos\u00e9 Nelto diz que popula\u00e7\u00e3o saber\u00e1 separar os corruptos dos honestos nas elei\u00e7\u00f5es municipais"},"content":{"rendered":"<p>O deputado federal Jos\u00e9 Nelto (Podemos) afirmou no perfil que mant\u00e9m no Twitter que a popula\u00e7\u00e3o saber\u00e1 separar o joio do trigo nas elei\u00e7\u00f5es de novembro pr\u00f3ximo.<\/p>\n<p>\u201cO povo vai separar o \u00f3leo da \u00e1gua e o corrupto dos honestos\u201d, disse Nelto, que tamb\u00e9m \u00e9 presidente estadual do Podemos.<\/p>\n<p>E arrematou: \u201cChegou a hora da verdade, a hora de renovar a pol\u00edtica municipal, escolhendo os vereadores e prefeitos que t\u00eam compromisso com cada munic\u00edpio\u201d.<\/p>\n","protected":false},"excerpt":{"rendered":"<p>O deputado federal Jos\u00e9 Nelto (Podemos) afirmou no perfil que mant\u00e9m no Twitter que a popula\u00e7\u00e3o saber\u00e1 separar o joio do trigo nas elei\u00e7\u00f5es de novembro pr\u00f3ximo. \u201cO povo vai separar o \u00f3leo da \u00e1gua e o corrupto dos honestos\u201d, disse Nelto, que tamb\u00e9m \u00e9 presidente estadual do Podemos. E arrematou: \u201cChegou a hora da &hellip;<\/p>\n","protected":false},"author":3,"featured_media":56167,"comment_status":"open","ping_status":"open","sticky":false,"template":"","format":"standard","meta":{"_exactmetrics_skip_tracking":false,"_exactmetrics_sitenote_active":false,"_exactmetrics_sitenote_note":"","_exactmetrics_sitenote_category":0,"footnotes":""},"categories":[2],"tags":[],"_links":{"self":[{"href":"https:\/\/goiasemtempo.com.br\/home\/wp-json\/wp\/v2\/posts\/56165"}],"collection":[{"href":"https:\/\/goiasemtempo.com.br\/home\/wp-json\/wp\/v2\/posts"}],"about":[{"href":"https:\/\/goiasemtempo.com.br\/home\/wp-json\/wp\/v2\/types\/post"}],"author":[{"embeddable":true,"href":"https:\/\/goiasemtempo.com.br\/home\/wp-json\/wp\/v2\/users\/3"}],"replies":[{"embeddable":true,"href":"https:\/\/goiasemtempo.com.br\/home\/wp-json\/wp\/v2\/comments?post=56165"}],"version-history":[{"count":1,"href":"https:\/\/goiasemtempo.com.br\/home\/wp-json\/wp\/v2\/posts\/56165\/revisions"}],"predecessor-version":[{"id":56168,"href":"https:\/\/goiasemtempo.com.br\/home\/wp-json\/wp\/v2\/posts\/56165\/revisions\/56168"}],"wp:featuredmedia":[{"embeddable":true,"href":"https:\/\/goiasemtempo.com.br\/home\/wp-json\/wp\/v2\/media\/56167"}],"wp:attachment":[{"href":"https:\/\/goiasemtempo.com.br\/home\/wp-json\/wp\/v2\/media?parent=56165"}],"wp:term":[{"taxonomy":"category","embeddable":true,"href":"https:\/\/goiasemtempo.com.br\/home\/wp-json\/wp\/v2\/categories?post=56165"},{"taxonomy":"post_tag","embeddable":true,"href":"https:\/\/goiasemtempo.com.br\/home\/wp-json\/wp\/v2\/tags?post=56165"}],"curies":[{"name":"wp","href":"https:\/\/api.w.org\/{rel}","templated":true}]}}