{"id":5614,"date":"2017-12-25T02:45:04","date_gmt":"2017-12-25T02:45:04","guid":{"rendered":"http:\/\/goiasemtempo.com.br\/home\/?p=5614"},"modified":"2017-12-25T02:45:04","modified_gmt":"2017-12-25T02:45:04","slug":"pai-de-noiva-do-principe-harry-diz-querer-conduzir-a-filha-ao-altar-no-casamento","status":"publish","type":"post","link":"https:\/\/goiasemtempo.com.br\/home\/pai-de-noiva-do-principe-harry-diz-querer-conduzir-a-filha-ao-altar-no-casamento\/","title":{"rendered":"Pai de noiva do pr\u00edncipe Harry diz querer conduzir a filha ao altar no casamento"},"content":{"rendered":"<p>LONDRES (Reuters) &#8211; O pai de Meghan Markle disse que espera poder conduzir sua filha na igreja quando a atriz norte-americana se casar com o pr\u00edncipe brit\u00e2nico Harry no ano que vem, e contou ter ficado encantado com a not\u00edcia de seu matrim\u00f4nio pr\u00f3ximo, noticiou o jornal brit\u00e2nico Daily Mirror nesta sexta-feira.<\/p>\n<p>Harry, de 33 anos, neto da rainha Elizabeth e quinto na linha sucess\u00f3ria ao trono, e Meghan, de 36 anos, anunciaram no m\u00eas passado que est\u00e3o noivos e que se casar\u00e3o na Capela de S\u00e3o Jorge do Castelo de Windsor, local cujas liga\u00e7\u00f5es com a fam\u00edlia real do Reino Unido remontam a s\u00e9culos.<\/p>\n<p>Indagado se entregar\u00e1 a m\u00e3o da filha na cerim\u00f4nia, Thomas Markle, de 73 anos, respondeu: Sim. Eu adoraria.<\/p>\n<p>Estou muito contente. Estou encantado, disse o ex-diretor de ilumina\u00e7\u00e3o de novelas e s\u00e9ries c\u00f4micas de televis\u00e3o ao jornal no M\u00e9xico, onde mora atualmente.<\/p>\n<p>Os pais de Meghan s\u00e3o divorciados. Harry j\u00e1 conheceu sua m\u00e3e, Doria Ragland, que descreveu como incr\u00edvel, mas ainda n\u00e3o se encontrou com seu pai.<\/p>\n<p>Harry, filho ca\u00e7ula do pr\u00edncipe herdeiro Charles e de sua primeira esposa, a princesa Diana, e Meghan se conheceram em julho de 2016 ao serem apresentados por um amigo em comum.<\/p>\n<p>O pr\u00edncipe disse ter se apaixonado incrivelmente r\u00e1pido pela atriz, conhecida por seu papel no seriado de TV norte-americano Suits. Na semana passada o casal fez sua primeira apari\u00e7\u00e3o oficial, atraindo multid\u00f5es e o interesse da m\u00eddia de todo o mundo.(Por Michael Holden)<\/p>\n","protected":false},"excerpt":{"rendered":"<p>LONDRES (Reuters) &#8211; O pai de Meghan Markle disse que espera poder conduzir sua filha na igreja quando a atriz norte-americana se casar com o pr\u00edncipe brit\u00e2nico Harry no ano que vem, e contou ter ficado encantado com a not\u00edcia de seu matrim\u00f4nio pr\u00f3ximo, noticiou o jornal brit\u00e2nico Daily Mirror nesta sexta-feira. Harry, de 33 &hellip;<\/p>\n","protected":false},"author":2,"featured_media":2537,"comment_status":"open","ping_status":"open","sticky":false,"template":"","format":"standard","meta":{"footnotes":""},"categories":[4],"tags":[],"class_list":["post-5614","post","type-post","status-publish","format-standard","has-post-thumbnail","hentry","category-ultimas-noticias"],"_links":{"self":[{"href":"https:\/\/goiasemtempo.com.br\/home\/wp-json\/wp\/v2\/posts\/5614","targetHints":{"allow":["GET"]}}],"collection":[{"href":"https:\/\/goiasemtempo.com.br\/home\/wp-json\/wp\/v2\/posts"}],"about":[{"href":"https:\/\/goiasemtempo.com.br\/home\/wp-json\/wp\/v2\/types\/post"}],"author":[{"embeddable":true,"href":"https:\/\/goiasemtempo.com.br\/home\/wp-json\/wp\/v2\/users\/2"}],"replies":[{"embeddable":true,"href":"https:\/\/goiasemtempo.com.br\/home\/wp-json\/wp\/v2\/comments?post=5614"}],"version-history":[{"count":1,"href":"https:\/\/goiasemtempo.com.br\/home\/wp-json\/wp\/v2\/posts\/5614\/revisions"}],"predecessor-version":[{"id":5615,"href":"https:\/\/goiasemtempo.com.br\/home\/wp-json\/wp\/v2\/posts\/5614\/revisions\/5615"}],"wp:featuredmedia":[{"embeddable":true,"href":"https:\/\/goiasemtempo.com.br\/home\/wp-json\/wp\/v2\/media\/2537"}],"wp:attachment":[{"href":"https:\/\/goiasemtempo.com.br\/home\/wp-json\/wp\/v2\/media?parent=5614"}],"wp:term":[{"taxonomy":"category","embeddable":true,"href":"https:\/\/goiasemtempo.com.br\/home\/wp-json\/wp\/v2\/categories?post=5614"},{"taxonomy":"post_tag","embeddable":true,"href":"https:\/\/goiasemtempo.com.br\/home\/wp-json\/wp\/v2\/tags?post=5614"}],"curies":[{"name":"wp","href":"https:\/\/api.w.org\/{rel}","templated":true}]}}