{"id":56081,"date":"2020-08-05T19:47:56","date_gmt":"2020-08-05T19:47:56","guid":{"rendered":"http:\/\/goiasemtempo.com.br\/home\/?p=56081"},"modified":"2020-08-05T19:48:20","modified_gmt":"2020-08-05T19:48:20","slug":"maia-diz-nao-ter-perfil-para-disputar-eleicao-presidencial","status":"publish","type":"post","link":"https:\/\/goiasemtempo.com.br\/home\/maia-diz-nao-ter-perfil-para-disputar-eleicao-presidencial\/","title":{"rendered":"Maia diz n\u00e3o tem perfil para disputar elei\u00e7\u00e3o presidencial"},"content":{"rendered":"<p>O presidente da C\u00e2mara, Rodrigo Maia (DEM-RJ), disse que n\u00e3o acredita ter perfil para disputar uma elei\u00e7\u00e3o presidencial e disse que ocupar a cadeira da Presid\u00eancia da Rep\u00fablica n\u00e3o \u00e9 uma vontade pessoal. Em entrevista \u00e0 r\u00e1dio\u00a0<em>Jovem Pan<\/em>, Maia afirmou: &#8220;Acho que meu perfil \u00e9 um perfil para outro ambiente de governo, que a sociedade brasileira n\u00e3o apoia e acho que vai levar muitos anos para defender o sistema parlamentarista, mais est\u00e1vel que presidencialista.&#8221;<\/p>\n<p>Nesta manh\u00e3, ao portal\u00a0<em>Banda B<\/em>, Maia defendeu, para o pleito de 2022, nomes como o do ex-governador do Cear\u00e1 Ciro Gomes, do ex-ministro da Sa\u00fade Luiz Henrique Mandetta, do prefeito de Salvador, ACM Neto (DEM), do governador de S\u00e3o Paulo, Jo\u00e3o Doria (PSDB), e do apresentador Luciano Huck.<\/p>\n<p>Segundo Maia, os candidatos &#8220;precisam entender a necessidade de sair um nome \u00fanico para a gente centro-direita disputar elei\u00e7\u00e3o contra o presidente Bolsonaro e o PT&#8221;.<\/p>\n<p>O presidente da C\u00e2mara afirmou tamb\u00e9m que ap\u00f3s deixar a Presid\u00eancia da Casa, gostaria de se dedicar a projetos com a centro-direita para modernizar o Pa\u00eds.<\/p>\n","protected":false},"excerpt":{"rendered":"<p>O presidente da C\u00e2mara, Rodrigo Maia (DEM-RJ), disse que n\u00e3o acredita ter perfil para disputar uma elei\u00e7\u00e3o presidencial e disse que ocupar a cadeira da Presid\u00eancia da Rep\u00fablica n\u00e3o \u00e9 uma vontade pessoal. Em entrevista \u00e0 r\u00e1dio\u00a0Jovem Pan, Maia afirmou: &#8220;Acho que meu perfil \u00e9 um perfil para outro ambiente de governo, que a sociedade &hellip;<\/p>\n","protected":false},"author":3,"featured_media":56082,"comment_status":"open","ping_status":"open","sticky":false,"template":"","format":"standard","meta":{"_exactmetrics_skip_tracking":false,"_exactmetrics_sitenote_active":false,"_exactmetrics_sitenote_note":"","_exactmetrics_sitenote_category":0,"footnotes":""},"categories":[2],"tags":[76,435,72,433,434,432],"_links":{"self":[{"href":"https:\/\/goiasemtempo.com.br\/home\/wp-json\/wp\/v2\/posts\/56081"}],"collection":[{"href":"https:\/\/goiasemtempo.com.br\/home\/wp-json\/wp\/v2\/posts"}],"about":[{"href":"https:\/\/goiasemtempo.com.br\/home\/wp-json\/wp\/v2\/types\/post"}],"author":[{"embeddable":true,"href":"https:\/\/goiasemtempo.com.br\/home\/wp-json\/wp\/v2\/users\/3"}],"replies":[{"embeddable":true,"href":"https:\/\/goiasemtempo.com.br\/home\/wp-json\/wp\/v2\/comments?post=56081"}],"version-history":[{"count":2,"href":"https:\/\/goiasemtempo.com.br\/home\/wp-json\/wp\/v2\/posts\/56081\/revisions"}],"predecessor-version":[{"id":56084,"href":"https:\/\/goiasemtempo.com.br\/home\/wp-json\/wp\/v2\/posts\/56081\/revisions\/56084"}],"wp:featuredmedia":[{"embeddable":true,"href":"https:\/\/goiasemtempo.com.br\/home\/wp-json\/wp\/v2\/media\/56082"}],"wp:attachment":[{"href":"https:\/\/goiasemtempo.com.br\/home\/wp-json\/wp\/v2\/media?parent=56081"}],"wp:term":[{"taxonomy":"category","embeddable":true,"href":"https:\/\/goiasemtempo.com.br\/home\/wp-json\/wp\/v2\/categories?post=56081"},{"taxonomy":"post_tag","embeddable":true,"href":"https:\/\/goiasemtempo.com.br\/home\/wp-json\/wp\/v2\/tags?post=56081"}],"curies":[{"name":"wp","href":"https:\/\/api.w.org\/{rel}","templated":true}]}}