{"id":56071,"date":"2020-08-05T18:58:19","date_gmt":"2020-08-05T18:58:19","guid":{"rendered":"http:\/\/goiasemtempo.com.br\/home\/?p=56071"},"modified":"2020-08-05T18:58:49","modified_gmt":"2020-08-05T18:58:49","slug":"para-prevenir-coronavirus-motorista-de-app-em-anapolis-instala-cabine-em-carro","status":"publish","type":"post","link":"https:\/\/goiasemtempo.com.br\/home\/para-prevenir-coronavirus-motorista-de-app-em-anapolis-instala-cabine-em-carro\/","title":{"rendered":"Para prevenir coronav\u00edrus, motorista de app em An\u00e1polis instala cabine em carro"},"content":{"rendered":"<div class=\"mc-column content-text active-extra-styles \" data-block-type=\"unstyled\" data-block-weight=\"80\" data-block-id=\"2\">\n<p class=\"content-text__container \" data-track-category=\"Link no Texto\" data-track-links=\"\">Para proteger os passageiros que transporta e a si mesmo, o motorista de aplicativo Divino Pereira de Souza, de 45 anos, instalou uma cabine de acr\u00edlico no carro para evitar a dissemina\u00e7\u00e3o de coronav\u00edrus, em An\u00e1polis.Para o motorista, que faz cerca de 40 viagens por dia, disponibiliza \u00e1lcool gel e exige que os passageiros usem m\u00e1scara durante a viagem, a estrutura \u00e9 uma forma de aumentar a seguran\u00e7a de todos dentro do ve\u00edculo.<\/p>\n<p data-track-category=\"Link no Texto\" data-track-links=\"\">\u201cMuitas pessoas est\u00e3o saindo de casa, n\u00e3o podemos deixar de trabalhar, mas podemos nos proteger desta forma\u201d, afirma.<\/p>\n<\/div>\n<div class=\"wall protected-content\">\n<div class=\"mc-column content-text active-extra-styles \" data-block-type=\"unstyled\" data-block-weight=\"38\" data-block-id=\"4\">\n<p class=\"content-text__container \" data-track-category=\"Link no Texto\" data-track-links=\"\">Para instalar a cabine de acr\u00edlico, que permite transportar at\u00e9 quatro passageiros, Divino gastou R$ 250. A maioria das demais cabines, segundo ele, tem divis\u00f3rias apenas para tr\u00eas passageiros. A instala\u00e7\u00e3o foi feita na \u00faltima quinta-feira (30).<\/p>\n<\/div>\n<div class=\"mc-column content-text active-extra-styles \" data-block-type=\"unstyled\" data-block-weight=\"48\" data-block-id=\"5\">\n<p class=\"content-text__container \" data-track-category=\"Link no Texto\" data-track-links=\"\">\u201cEu comprei as placas de acr\u00edlico e eu mesmo instalei. N\u00e3o tive um gasto muito alto e foi bem tranquilo de colocar. Gastei cerca de 4 horas para posicion\u00e1-las e, depois, finalizei com uma borracha e uma fita amarela para sinalizar que ali h\u00e1 uma estrutura\u201d, conta.<\/p>\n<\/div>\n<div class=\"mc-column content-text active-extra-styles \" data-block-type=\"unstyled\" data-block-weight=\"28\" data-block-id=\"6\">\n<p class=\"content-text__container \" data-track-category=\"Link no Texto\" data-track-links=\"\">A ideia de instalar a cabine surgiu ap\u00f3s ele ver, por fotos, exemplos similares de motoristas de aplicativo de outras cidades, como S\u00e3o Paulo e Rio de Janeiro.<\/p>\n<\/div>\n<div class=\"mc-column content-text active-extra-styles \" data-block-type=\"unstyled\" data-block-weight=\"16\" data-block-id=\"8\">\n<p class=\"content-text__container \" data-track-category=\"Link no Texto\" data-track-links=\"\">Em menos de uma semana de instala\u00e7\u00e3o, a novidade j\u00e1 foi aprovada por muitos passageiros.<\/p>\n<p data-track-category=\"Link no Texto\" data-track-links=\"\">\u201cOs passageiros est\u00e3o adorando a ideia, comentam que se sentem mais seguros e que a cabine podia ter em todos os carros. Espero que meus colegas fa\u00e7am tamb\u00e9m, \u00e9 um prote\u00e7\u00e3o tanto para n\u00f3s motoristas, como para os passageiros\u201d, relata.<\/p>\n<div class=\"mc-column content-text active-extra-styles\" data-block-type=\"raw\" data-block-weight=\"1\" data-block-id=\"10\">\n<div class=\"content-intertitle\">\n<h2><\/h2>\n<\/div>\n<\/div>\n<p class=\"content-text__container \" data-track-category=\"Link no Texto\" data-track-links=\"\"><span style=\"font-size: 24px; font-weight: bold;\">Preocupa\u00e7\u00e3o<\/span><\/p>\n<\/div>\n<div class=\"mc-column content-text active-extra-styles \" data-block-type=\"unstyled\" data-block-weight=\"40\" data-block-id=\"11\">\n<p class=\"content-text__container \" data-track-category=\"Link no Texto\" data-track-links=\"\">De acordo com o motorista, por conta da quantidade de viagem di\u00e1rias, ele acaba tendo contato com passageiros vindo de hospitais ou que estavam em algum tipo de aglomera\u00e7\u00e3o, o que aumenta a preocupa\u00e7\u00e3o durante a rotina de trabalho.<\/p>\n<p data-track-category=\"Link no Texto\" data-track-links=\"\">\u201cGra\u00e7as a Deus n\u00e3o tive casos de Covid-19 na minha fam\u00edlia, mas a preocupa\u00e7\u00e3o \u00e9 enorme, sei que com essa cabine eu posso me proteger e tamb\u00e9m proteger o outro\u201d, destaca Divino.<\/p>\n<p data-track-category=\"Link no Texto\" data-track-links=\"\">Com ag\u00eancia de Not\u00edcias\/G1\/<\/p>\n<\/div>\n<div class=\"row medium-uncollapsed content-media content-photo\" data-block-type=\"backstage-photo\" data-block-id=\"13\">\n<div class=\"mc-column content-media__container\"><\/div>\n<\/div>\n<\/div>\n","protected":false},"excerpt":{"rendered":"<p>Para proteger os passageiros que transporta e a si mesmo, o motorista de aplicativo Divino Pereira de Souza, de 45 anos, instalou uma cabine de acr\u00edlico no carro para evitar a dissemina\u00e7\u00e3o de coronav\u00edrus, em An\u00e1polis.Para o motorista, que faz cerca de 40 viagens por dia, disponibiliza \u00e1lcool gel e exige que os passageiros usem &hellip;<\/p>\n","protected":false},"author":3,"featured_media":56072,"comment_status":"open","ping_status":"open","sticky":false,"template":"","format":"standard","meta":{"_exactmetrics_skip_tracking":false,"_exactmetrics_sitenote_active":false,"_exactmetrics_sitenote_note":"","_exactmetrics_sitenote_category":0,"footnotes":""},"categories":[18,346],"tags":[68,426,427,70],"_links":{"self":[{"href":"https:\/\/goiasemtempo.com.br\/home\/wp-json\/wp\/v2\/posts\/56071"}],"collection":[{"href":"https:\/\/goiasemtempo.com.br\/home\/wp-json\/wp\/v2\/posts"}],"about":[{"href":"https:\/\/goiasemtempo.com.br\/home\/wp-json\/wp\/v2\/types\/post"}],"author":[{"embeddable":true,"href":"https:\/\/goiasemtempo.com.br\/home\/wp-json\/wp\/v2\/users\/3"}],"replies":[{"embeddable":true,"href":"https:\/\/goiasemtempo.com.br\/home\/wp-json\/wp\/v2\/comments?post=56071"}],"version-history":[{"count":2,"href":"https:\/\/goiasemtempo.com.br\/home\/wp-json\/wp\/v2\/posts\/56071\/revisions"}],"predecessor-version":[{"id":56074,"href":"https:\/\/goiasemtempo.com.br\/home\/wp-json\/wp\/v2\/posts\/56071\/revisions\/56074"}],"wp:featuredmedia":[{"embeddable":true,"href":"https:\/\/goiasemtempo.com.br\/home\/wp-json\/wp\/v2\/media\/56072"}],"wp:attachment":[{"href":"https:\/\/goiasemtempo.com.br\/home\/wp-json\/wp\/v2\/media?parent=56071"}],"wp:term":[{"taxonomy":"category","embeddable":true,"href":"https:\/\/goiasemtempo.com.br\/home\/wp-json\/wp\/v2\/categories?post=56071"},{"taxonomy":"post_tag","embeddable":true,"href":"https:\/\/goiasemtempo.com.br\/home\/wp-json\/wp\/v2\/tags?post=56071"}],"curies":[{"name":"wp","href":"https:\/\/api.w.org\/{rel}","templated":true}]}}