{"id":56021,"date":"2020-08-03T18:29:42","date_gmt":"2020-08-03T18:29:42","guid":{"rendered":"http:\/\/goiasemtempo.com.br\/home\/?p=56021"},"modified":"2020-08-03T18:29:42","modified_gmt":"2020-08-03T18:29:42","slug":"braga-netto-tem-resultado-positivo-para-covid-19","status":"publish","type":"post","link":"https:\/\/goiasemtempo.com.br\/home\/braga-netto-tem-resultado-positivo-para-covid-19\/","title":{"rendered":"Braga Netto tem resultado positivo para covid-19"},"content":{"rendered":"<div class=\"post-item-wrap\">\n<p>O ministro-chefe da Casa Civil, Walter Braga Netto, teve a confirma\u00e7\u00e3o hoje (3) de que testou positivo para covid-19. Em nota, a assessoria da pasta informou que ele passa bem e est\u00e1 assintom\u00e1tico.<img decoding=\"async\" src=\"https:\/\/agenciabrasil.ebc.com.br\/ebc.png?id=1312843&amp;o=node\" \/><img decoding=\"async\" src=\"https:\/\/agenciabrasil.ebc.com.br\/ebc.gif?id=1312843&amp;o=node\" \/><\/p>\n<p>\u201cEle ficar\u00e1 em isolamento at\u00e9 novo teste e avalia\u00e7\u00e3o m\u00e9dica. At\u00e9 l\u00e1, continuar\u00e1 cumprindo a sua agenda de forma remota\u201d, diz a nota.<\/p>\n<p>Na semana passada, o ministro da Ci\u00eancia, Tecnologia e Inova\u00e7\u00f5es,\u00a0<a href=\"https:\/\/agenciabrasil.ebc.com.br\/saude\/noticia\/2020-07\/ministro-marcos-pontes-tem-resultado-positivo-para-covid-19\" target=\"_blank\" rel=\"noopener noreferrer\">Marcos Pontes<\/a>, tamb\u00e9m informou que teve resultado positivo para covid-19. Outros ministros tamb\u00e9m tiveram a doen\u00e7a, como\u00a0<a href=\"https:\/\/agenciabrasil.ebc.com.br\/saude\/noticia\/2020-03\/novo-teste-do-ministro-do-gsi-da-negativo-para-coronavirus\" target=\"_blank\" rel=\"noopener noreferrer\">Augusto Heleno<\/a>, do Gabinete de Seguran\u00e7a Institucional;\u00a0<a href=\"https:\/\/agenciabrasil.ebc.com.br\/politica\/noticia\/2020-03\/ministro-de-minas-e-energia-tem-resultado-positivo-para-covid-19\" target=\"_blank\" rel=\"noopener noreferrer\">Bento Albuquerque<\/a>, de Minas e Energia;\u00a0<a href=\"https:\/\/agenciabrasil.ebc.com.br\/saude\/noticia\/2020-07\/onyx-lorenzoni-tem-exame-positivo-de-covid-19\" target=\"_blank\" rel=\"noopener noreferrer\">Onyx Lorenzoni<\/a>, da Cidadania;\u00a0<a href=\"https:\/\/agenciabrasil.ebc.com.br\/politica\/noticia\/2020-07\/ministro-da-educacao-afirma-que-esta-com-covid-19\" target=\"_blank\" rel=\"noopener noreferrer\">Milton Ribeiro<\/a>, da Educa\u00e7\u00e3o, e Wagner Ros\u00e1rio, da Controladoria-Geral da Uni\u00e3o.<\/p>\n<p>O presidente Jair Bolsonaro tamb\u00e9m j\u00e1 contraiu o novo coronav\u00edrus, assim como a primeira-dama,\u00a0<a href=\"https:\/\/agenciabrasil.ebc.com.br\/saude\/noticia\/2020-07\/primeira-dama-testa-positivo-para-covid-19\" target=\"_blank\" rel=\"noopener noreferrer\">Michellle Bolsonaro<\/a>. Bolsonaro anunciou o resultado positivo do teste no dia 7 de julho e permaneceu em isolamento no Pal\u00e1cio da Alvorada at\u00e9 o \u00faltimo s\u00e1bado (25), quando informou que estava recuperado.<\/p>\n<\/div>\n<p class=\"alt-font font-italic my-2 small text-info\">Edi\u00e7\u00e3o: N\u00e1dia Franco<\/p>\n","protected":false},"excerpt":{"rendered":"<p>O ministro-chefe da Casa Civil, Walter Braga Netto, teve a confirma\u00e7\u00e3o hoje (3) de que testou positivo para covid-19. Em nota, a assessoria da pasta informou que ele passa bem e est\u00e1 assintom\u00e1tico. \u201cEle ficar\u00e1 em isolamento at\u00e9 novo teste e avalia\u00e7\u00e3o m\u00e9dica. At\u00e9 l\u00e1, continuar\u00e1 cumprindo a sua agenda de forma remota\u201d, diz a &hellip;<\/p>\n","protected":false},"author":3,"featured_media":56022,"comment_status":"open","ping_status":"open","sticky":false,"template":"","format":"standard","meta":{"_exactmetrics_skip_tracking":false,"_exactmetrics_sitenote_active":false,"_exactmetrics_sitenote_note":"","_exactmetrics_sitenote_category":0,"footnotes":""},"categories":[45],"tags":[],"_links":{"self":[{"href":"https:\/\/goiasemtempo.com.br\/home\/wp-json\/wp\/v2\/posts\/56021"}],"collection":[{"href":"https:\/\/goiasemtempo.com.br\/home\/wp-json\/wp\/v2\/posts"}],"about":[{"href":"https:\/\/goiasemtempo.com.br\/home\/wp-json\/wp\/v2\/types\/post"}],"author":[{"embeddable":true,"href":"https:\/\/goiasemtempo.com.br\/home\/wp-json\/wp\/v2\/users\/3"}],"replies":[{"embeddable":true,"href":"https:\/\/goiasemtempo.com.br\/home\/wp-json\/wp\/v2\/comments?post=56021"}],"version-history":[{"count":1,"href":"https:\/\/goiasemtempo.com.br\/home\/wp-json\/wp\/v2\/posts\/56021\/revisions"}],"predecessor-version":[{"id":56023,"href":"https:\/\/goiasemtempo.com.br\/home\/wp-json\/wp\/v2\/posts\/56021\/revisions\/56023"}],"wp:featuredmedia":[{"embeddable":true,"href":"https:\/\/goiasemtempo.com.br\/home\/wp-json\/wp\/v2\/media\/56022"}],"wp:attachment":[{"href":"https:\/\/goiasemtempo.com.br\/home\/wp-json\/wp\/v2\/media?parent=56021"}],"wp:term":[{"taxonomy":"category","embeddable":true,"href":"https:\/\/goiasemtempo.com.br\/home\/wp-json\/wp\/v2\/categories?post=56021"},{"taxonomy":"post_tag","embeddable":true,"href":"https:\/\/goiasemtempo.com.br\/home\/wp-json\/wp\/v2\/tags?post=56021"}],"curies":[{"name":"wp","href":"https:\/\/api.w.org\/{rel}","templated":true}]}}