{"id":55924,"date":"2020-07-29T17:56:12","date_gmt":"2020-07-29T17:56:12","guid":{"rendered":"http:\/\/goiasemtempo.com.br\/home\/?p=55924"},"modified":"2020-07-29T17:56:12","modified_gmt":"2020-07-29T17:56:12","slug":"lava-jato-em-curitiba-tem-dados-de-38-mil-pessoas-diz-augusto-aras","status":"publish","type":"post","link":"https:\/\/goiasemtempo.com.br\/home\/lava-jato-em-curitiba-tem-dados-de-38-mil-pessoas-diz-augusto-aras\/","title":{"rendered":"&#8220;Lava jato&#8221; em Curitiba tem dados de 38 mil pessoas, diz Augusto Aras"},"content":{"rendered":"<p>O procurador-geral da Rep\u00fablica, Augusto Aras, afirmou na noite desta ter\u00e7a-feira (28\/7) que a &#8220;lava jato&#8221;\u00a0em Curitiba armazena dados de 38 mil pessoas. A quantidade de\u00a0informa\u00e7\u00f5es guardadas pelos procuradores no Paran\u00e1, revela, \u00e9 superior \u00e0s que est\u00e3o agregadas no pr\u00f3prio Sistema \u00danico do Minist\u00e9rio P\u00fablico Federal.<\/p>\n<figure class=\"image esquerda\"><img decoding=\"async\" src=\"https:\/\/www.conjur.com.br\/img\/b\/augusto-aras-pgr-20201.jpeg\" alt=\"\" \/><figcaption>Aras concedeu entrevista ao Grupo Prerrogativas<br \/>\n<sup>Rosinei Coutinho\/SCO\/STF<\/sup><\/figcaption><\/figure>\n<p>Segundo divulgou o PGR, o arquivo da autointitulada &#8220;for\u00e7a-tarefa&#8221;\u00a0em Curitiba tem 350 terabytes, cerca de nove vezes mais que o sistema \u00fanico do MPF, que conta com 40 terabytes de informa\u00e7\u00e3o.<\/p>\n<p>&#8220;N\u00e3o se pode imaginar que uma unidade institucional se fa\u00e7a com segredos, com caixas de segredos. Todo o MPF, em seu sistema \u00fanico, tem 40 terabytes. A for\u00e7a-tarefa da lava jato em Curitiba tem 350 terabytes e 38 mil pessoas com seus dados depositados. Ningu\u00e9m sabe como [esse nomes] foram escolhidos, quais foram os crit\u00e9rios&#8221;, disse. A declara\u00e7\u00e3o ocorreu durante entrevista ao vivo em live do Grupo Prerrogativas.<\/p>\n<p>Aras tamb\u00e9m afirmou que os procuradores de Curitiba criaram uma esp\u00e9cie de MPF &#8220;lado B&#8221;\u00a0e que 50 mil documentos est\u00e3o n\u00e3o podem ser acessados pela Corregedoria-Geral da institui\u00e7\u00e3o.<\/p>\n<p>&#8220;Agora \u00e9 a hora de corrigir os rumos para que o lavajatismo n\u00e3o perdure. Mas a corre\u00e7\u00e3o de rumos n\u00e3o significa redu\u00e7\u00e3o de empenho no combate \u00e0 corrup\u00e7\u00e3o. Contrariamente a isso, o que n\u00f3s temos aqui na casa \u00e9 o pensamento de buscar fortalecer a investiga\u00e7\u00e3o cient\u00edfica e, acima de tudo, visando respeitar direitos e garantias fundamentais&#8221;, disse.<\/p>\n<p>A PGR teve acesso aos dados do MPF em Curitiba depois que o ministro Dias Toffoli, do Supremo Tribunal Federal,\u00a0<a href=\"https:\/\/www.conjur.com.br\/2020-jul-09\/lava-jato-mandar-pgr-todos-dados-colhidos\" target=\"_blank\" rel=\"noopener noreferrer\">determinou o compartilhamento<\/a>\u00a0de todas as informa\u00e7\u00f5es colhidas pelas for\u00e7as-tarefa.<\/p>\n<p>O ministro entendeu que a medida garante n\u00e3o apenas a preserva\u00e7\u00e3o constitucional da corte, como a investiga\u00e7\u00e3o sob supervis\u00e3o da autoridade competente, que \u00e9 a PGR.<\/p>\n<p><strong>&#8220;Lava jato&#8221;\u00a0em SP<\/strong><br \/>\nDurante a entrevistas, Aras tamb\u00e9m criticou a atua\u00e7\u00e3o da for\u00e7a-tarefa da &#8220;lava jato&#8221;\u00a0em S\u00e3o Paulo, que construiu &#8220;uma metodologia de distribui\u00e7\u00e3o [de processos] personalizada em que membros escolhem os processos que querem&#8221;.<\/p>\n<p>A fala faz alus\u00e3o a um documento assinado pela procuradora Viviane de Oliveira Martinez, enviada ao PGR em 18 de maio deste ano. Na pe\u00e7a,\u00a0<a href=\"https:\/\/www.conjur.com.br\/2020-jul-10\/lava-jato-sp-unidade-distribuicao-processos\" target=\"_blank\" rel=\"noopener noreferrer\">ela detalha<\/a>\u00a0que embora tenha sido concebida para fornecer aux\u00edlio a procuradores naturais, a &#8220;for\u00e7a-tarefa&#8221;\u00a0paulista atua, na verdade, como uma unidade que concentra e distribui processos a seu bel-prazer. O\u00a0<em>modus operandi<\/em>\u00a0foi revelado pela\u00a0<strong>ConJur<\/strong>.<\/p>\n<p>No documento enviado ao PGR, Martinez narra que, desde que assumiu a chefia do 5\u00ba Of\u00edcio Criminal da Procuradoria da Rep\u00fablica de S\u00e3o Paulo, em 13 de mar\u00e7o de 2020, constatou que &#8220;h\u00e1 um contingente muito grande de processos que foram remetidos \u00e0 FTLJ-SP (for\u00e7a-tarefa da &#8220;lava jato&#8221; em S\u00e3o Paulo) sem passar pela livre distribui\u00e7\u00e3o, dos quais muitos n\u00e3o s\u00e3o conexos na forma estabelecida na PR-SP e deveriam ser livremente distribu\u00eddos&#8221;.<\/p>\n<p>A for\u00e7a-tarefa, que funciona de modo aut\u00f4nomo no 5\u00ba Of\u00edcio Criminal, foi criada para prestar aux\u00edlio aos procuradores naturais sorteados para atuar nos casos envolvendo a &#8220;lava jato&#8221;.<\/p>\n<p>Desde 2018, no entanto, os processos com a grife &#8220;lava jato&#8221; s\u00e3o enviados diretamente \u00e0 for\u00e7a-tarefa que, segundo crit\u00e9rios pr\u00f3prios de conex\u00e3o entre os casos, ret\u00e9m ou distribui os feitos aos procuradores do 5\u00ba Of\u00edcio.<\/p>\n<p><strong>Unac<\/strong><br \/>\nPara submeter a uma mesma reg\u00eancia os bra\u00e7os da &#8220;lava jato&#8221;\u00a0em Curitiba, Rio de Janeiro e S\u00e3o Paulo, o Conselho Superior do Minist\u00e9rio P\u00fablico, presidido por Aras,\u00a0<a href=\"https:\/\/www.conjur.com.br\/2020-jul-01\/conselho-mpf-discute-projeto-centralizar-lava-jato\" target=\"_blank\" rel=\"noopener noreferrer\">passou a discutir<\/a>\u00a0a possibilidade de criar uma Unidade Nacional de Combate \u00e0 Corrup\u00e7\u00e3o (Unac), que centralizaria em Bras\u00edlia processos de combate contra a corrup\u00e7\u00e3o.<\/p>\n<p>A Unidade contaria com membros das for\u00e7as-tarefa do Rio de Janeiro, S\u00e3o Paulo e Paran\u00e1, al\u00e9m de integrantes da &#8220;<em>greenfield<\/em>&#8220;, referente a desvios em fundos de pens\u00e3o.<\/p>\n<p>A unidade dever\u00e1 operar da seguinte maneira: caso um procurador comece uma investiga\u00e7\u00e3o e esta se torne grande a ponto de ele precisar de ajuda, ele poder\u00e1 pedir aux\u00edlio da Unac.<\/p>\n<p>Segundo a minuta de cria\u00e7\u00e3o da Unac, a atua\u00e7\u00e3o concentrada por meio de um grupo \u00fanico pode trazer in\u00fameras vantagens quando comparada ao trabalho fracionado e realizado de forma pontual pelo MPF.<\/p>\n<p>&#8220;Ganha-se na organiza\u00e7\u00e3o e racionaliza\u00e7\u00e3o do trabalho, em todos os seus aspectos funcionais e administrativos, como a flexibilidade da atua\u00e7\u00e3o de seus integrantes, a economia de recursos, a acumula\u00e7\u00e3o cont\u00ednua e a preserva\u00e7\u00e3o da experi\u00eancia e do conhecimento adquiridos, a unifica\u00e7\u00e3o de rotinas, base de dados, sistemas, e tudo que comp\u00f5e a sua capacita\u00e7\u00e3o e intelig\u00eancia&#8221;, afirma o documento. O texto inicial ainda pode ser alterado pela comiss\u00e3o que ser\u00e1 institu\u00edda para debater a medida.<\/p>\n<p>A ideia \u00e9 que a Unac seja coordenada por uma pessoa escolhida pelo procurador-geral da Rep\u00fablica a partir de uma lista tr\u00edplice formada por subprocuradores-gerais. O selecionado ficar\u00e1 no cargo por dois anos, atuando em casos de corrup\u00e7\u00e3o e improbidade, tendo sua rotina unificada com integrantes da &#8220;lava jato&#8221; e acesso \u00e0s informa\u00e7\u00f5es da opera\u00e7\u00e3o.<\/p>\n","protected":false},"excerpt":{"rendered":"<p>O procurador-geral da Rep\u00fablica, Augusto Aras, afirmou na noite desta ter\u00e7a-feira (28\/7) que a &#8220;lava jato&#8221;\u00a0em Curitiba armazena dados de 38 mil pessoas. A quantidade de\u00a0informa\u00e7\u00f5es guardadas pelos procuradores no Paran\u00e1, revela, \u00e9 superior \u00e0s que est\u00e3o agregadas no pr\u00f3prio Sistema \u00danico do Minist\u00e9rio P\u00fablico Federal. Aras concedeu entrevista ao Grupo Prerrogativas Rosinei Coutinho\/SCO\/STF Segundo &hellip;<\/p>\n","protected":false},"author":3,"featured_media":55925,"comment_status":"open","ping_status":"open","sticky":false,"template":"","format":"standard","meta":{"_exactmetrics_skip_tracking":false,"_exactmetrics_sitenote_active":false,"_exactmetrics_sitenote_note":"","_exactmetrics_sitenote_category":0,"footnotes":""},"categories":[63],"tags":[373],"_links":{"self":[{"href":"https:\/\/goiasemtempo.com.br\/home\/wp-json\/wp\/v2\/posts\/55924"}],"collection":[{"href":"https:\/\/goiasemtempo.com.br\/home\/wp-json\/wp\/v2\/posts"}],"about":[{"href":"https:\/\/goiasemtempo.com.br\/home\/wp-json\/wp\/v2\/types\/post"}],"author":[{"embeddable":true,"href":"https:\/\/goiasemtempo.com.br\/home\/wp-json\/wp\/v2\/users\/3"}],"replies":[{"embeddable":true,"href":"https:\/\/goiasemtempo.com.br\/home\/wp-json\/wp\/v2\/comments?post=55924"}],"version-history":[{"count":1,"href":"https:\/\/goiasemtempo.com.br\/home\/wp-json\/wp\/v2\/posts\/55924\/revisions"}],"predecessor-version":[{"id":55926,"href":"https:\/\/goiasemtempo.com.br\/home\/wp-json\/wp\/v2\/posts\/55924\/revisions\/55926"}],"wp:featuredmedia":[{"embeddable":true,"href":"https:\/\/goiasemtempo.com.br\/home\/wp-json\/wp\/v2\/media\/55925"}],"wp:attachment":[{"href":"https:\/\/goiasemtempo.com.br\/home\/wp-json\/wp\/v2\/media?parent=55924"}],"wp:term":[{"taxonomy":"category","embeddable":true,"href":"https:\/\/goiasemtempo.com.br\/home\/wp-json\/wp\/v2\/categories?post=55924"},{"taxonomy":"post_tag","embeddable":true,"href":"https:\/\/goiasemtempo.com.br\/home\/wp-json\/wp\/v2\/tags?post=55924"}],"curies":[{"name":"wp","href":"https:\/\/api.w.org\/{rel}","templated":true}]}}