{"id":55895,"date":"2020-07-29T16:42:50","date_gmt":"2020-07-29T16:42:50","guid":{"rendered":"http:\/\/goiasemtempo.com.br\/home\/?p=55895"},"modified":"2020-07-29T16:42:50","modified_gmt":"2020-07-29T16:42:50","slug":"reabertura-das-agencias-do-inss-e-adiada-para-24-de-agosto","status":"publish","type":"post","link":"https:\/\/goiasemtempo.com.br\/home\/reabertura-das-agencias-do-inss-e-adiada-para-24-de-agosto\/","title":{"rendered":"Reabertura das ag\u00eancias do INSS \u00e9 adiada para 24 de agosto"},"content":{"rendered":"<div class=\"post-item-wrap\">\n<p>O Instituto Nacional do Seguro Social (INSS) publicou hoje (29), no\u00a0<em>Di\u00e1rio Oficial da Uni\u00e3o,<\/em>\u00a0portaria que adia para o pr\u00f3ximo dia 24 a reabertura gradual de suas ag\u00eancias f\u00edsicas em todo o pa\u00eds, devido \u00e0 pandemia do novo coronav\u00edrus. A\u00a0<a href=\"http:\/\/www.in.gov.br\/en\/web\/dou\/-\/portaria-conjunta-n-36-de-28-de-julho-de-2020-269156044\" target=\"_blank\" rel=\"noopener noreferrer\">Portaria 36<\/a>\u00a0resulta de decis\u00e3o conjunta da Secretaria Especial de Previd\u00eancia e Trabalho, do Minist\u00e9rio da Economia, e do INSS.<img decoding=\"async\" src=\"https:\/\/agenciabrasil.ebc.com.br\/ebc.png?id=1312512&amp;o=node\" \/><img decoding=\"async\" src=\"https:\/\/agenciabrasil.ebc.com.br\/ebc.gif?id=1312512&amp;o=node\" \/><\/p>\n<p>O retorno das atividades presenciais estava previsto para a pr\u00f3xima segunda-feira (3). Os servi\u00e7os, entretanto, continuar\u00e3o a ser feitos exclusivamente de forma remota, at\u00e9 o dia\u00a021 de agosto, pela Central Telef\u00f4nica 135, pelo aplicativo e pelo portal\u00a0<a href=\"http:\/\/meu.inss.gov.br\/\" target=\"_blank\" rel=\"noopener noreferrer\">Meu INSS<\/a>. O atendimento remoto\u00a0ter\u00e1 continuidade depois da reabertura das ag\u00eancias, destacou o instituto.<\/p>\n<p>Segundo o INSS, o objetivo \u00e9 evitar a aglomera\u00e7\u00e3o\u00a0de pessoas. Quando as atividades presenciais forem reiniciadas,\u00a0ter\u00e3o prioridade os servi\u00e7os de per\u00edcia m\u00e9dica, avalia\u00e7\u00e3o social, cumprimento de exig\u00eancia, justifica\u00e7\u00e3o administrativa e reabilita\u00e7\u00e3o profissional.\u00a0Ser\u00e3o retomados tamb\u00e9m a justifica\u00e7\u00e3o judicial e o atendimento relacionado ao monitoramento operacional de benef\u00edcios.<\/p>\n<p>A Portaria 36\u00a0esclarece que, em um primeiro momento, o tempo de funcionamento das ag\u00eancias ser\u00e1 parcial, com seis horas cont\u00ednuas, e o atendimento ser\u00e1 exclusivo aos segurados e benefici\u00e1rios\u00a0mediante\u00a0agendamento\u00a0pr\u00e9vio\u00a0pelos canais remotos (Meu INSS e Central 135).<\/p>\n<p>\u201cA reabertura gradual e segura ir\u00e1 considerar as especificidades de cada uma das 1.525\u00a0ag\u00eancias da Previd\u00eancia Social no pa\u00eds. Cada unidade dever\u00e1 avaliar o perfil do quadro de servidores e contratados, o volume de atendimentos realizados, a organiza\u00e7\u00e3o do espa\u00e7o f\u00edsico, as medidas de limpeza e os equipamentos de prote\u00e7\u00e3o individual e coletiva\u201d,\u00a0estabelece a portaria.<\/p>\n<p>As unidades que n\u00e3o reunirem condi\u00e7\u00f5es necess\u00e1rias para atender o cidad\u00e3o\u00a0com seguran\u00e7a seguir\u00e3o operando\u00a0em regime de plant\u00e3o reduzido.\u00a0Um\u00a0painel eletr\u00f4nico\u00a0ser\u00e1 disponibilizado pelo INSS, com informa\u00e7\u00f5es sobre o funcionamento das\u00a0ag\u00eancias da Previd\u00eancia Social, os servi\u00e7os oferecidos e o hor\u00e1rio de funcionamento.<\/p>\n<p>\u201cTodas as medidas tomadas para garantir o direito dos cidad\u00e3os durante a pandemia de\u00a0covid-19, incluindo a simplifica\u00e7\u00e3o dos procedimentos, a dispensa de exig\u00eancias e a oferta de servi\u00e7os por meio de canais remotos, continuar\u00e3o valendo mesmo ap\u00f3s a retomada do atendimento presencial\u201d.<\/p>\n<\/div>\n<p class=\"alt-font font-italic my-2 small text-info\">Edi\u00e7\u00e3o: Gra\u00e7a Adjuto<\/p>\n","protected":false},"excerpt":{"rendered":"<p>O Instituto Nacional do Seguro Social (INSS) publicou hoje (29), no\u00a0Di\u00e1rio Oficial da Uni\u00e3o,\u00a0portaria que adia para o pr\u00f3ximo dia 24 a reabertura gradual de suas ag\u00eancias f\u00edsicas em todo o pa\u00eds, devido \u00e0 pandemia do novo coronav\u00edrus. A\u00a0Portaria 36\u00a0resulta de decis\u00e3o conjunta da Secretaria Especial de Previd\u00eancia e Trabalho, do Minist\u00e9rio da Economia, e &hellip;<\/p>\n","protected":false},"author":3,"featured_media":55896,"comment_status":"open","ping_status":"open","sticky":false,"template":"","format":"standard","meta":{"footnotes":""},"categories":[6,4],"tags":[354,356,353,355],"class_list":["post-55895","post","type-post","status-publish","format-standard","has-post-thumbnail","hentry","category-brasil","category-ultimas-noticias","tag-aposentados","tag-atendimento","tag-inss","tag-reabertura"],"_links":{"self":[{"href":"https:\/\/goiasemtempo.com.br\/home\/wp-json\/wp\/v2\/posts\/55895","targetHints":{"allow":["GET"]}}],"collection":[{"href":"https:\/\/goiasemtempo.com.br\/home\/wp-json\/wp\/v2\/posts"}],"about":[{"href":"https:\/\/goiasemtempo.com.br\/home\/wp-json\/wp\/v2\/types\/post"}],"author":[{"embeddable":true,"href":"https:\/\/goiasemtempo.com.br\/home\/wp-json\/wp\/v2\/users\/3"}],"replies":[{"embeddable":true,"href":"https:\/\/goiasemtempo.com.br\/home\/wp-json\/wp\/v2\/comments?post=55895"}],"version-history":[{"count":1,"href":"https:\/\/goiasemtempo.com.br\/home\/wp-json\/wp\/v2\/posts\/55895\/revisions"}],"predecessor-version":[{"id":55897,"href":"https:\/\/goiasemtempo.com.br\/home\/wp-json\/wp\/v2\/posts\/55895\/revisions\/55897"}],"wp:featuredmedia":[{"embeddable":true,"href":"https:\/\/goiasemtempo.com.br\/home\/wp-json\/wp\/v2\/media\/55896"}],"wp:attachment":[{"href":"https:\/\/goiasemtempo.com.br\/home\/wp-json\/wp\/v2\/media?parent=55895"}],"wp:term":[{"taxonomy":"category","embeddable":true,"href":"https:\/\/goiasemtempo.com.br\/home\/wp-json\/wp\/v2\/categories?post=55895"},{"taxonomy":"post_tag","embeddable":true,"href":"https:\/\/goiasemtempo.com.br\/home\/wp-json\/wp\/v2\/tags?post=55895"}],"curies":[{"name":"wp","href":"https:\/\/api.w.org\/{rel}","templated":true}]}}