{"id":5588,"date":"2017-12-25T02:35:48","date_gmt":"2017-12-25T02:35:48","guid":{"rendered":"http:\/\/goiasemtempo.com.br\/home\/?p=5588"},"modified":"2017-12-25T02:35:48","modified_gmt":"2017-12-25T02:35:48","slug":"um-ano-e-meio-para-alcancar-o-primeiro-acordo-do-brexit","status":"publish","type":"post","link":"https:\/\/goiasemtempo.com.br\/home\/um-ano-e-meio-para-alcancar-o-primeiro-acordo-do-brexit\/","title":{"rendered":"Um ano e meio para alcan\u00e7ar o primeiro acordo do Brexit"},"content":{"rendered":"<p>Os brit\u00e2nicos agitaram todo o mundo com sua decis\u00e3o de deixar a Uni\u00e3o Europeia (UE) em junho de 2016 e, nesta sexta-feira (8), um ano e meio depois, Londres e Bruxelas chegaram a um acordo sobre os termos da separa\u00e7\u00e3o.<\/p>\n<p>&#8211; 2016 &#8211;<\/p>\n<p>Brit\u00e2nicos votam a favor do Brexit<\/p>\n<p>Em 23 de junho, 17,4 milh\u00f5es de brit\u00e2nicos (51,9% dos votos) votaram a favor de acabar com 43 anos de integra\u00e7\u00e3o na Uni\u00e3o Europeia.<\/p>\n<p>A libra desaba<\/p>\n<p>O resultado do referendo surpreendeu as Bolsas, que logo se recuperaram. Por\u00e9m, o golpe \u00e0 libra foi duradouro e se mant\u00e9m: desde 23 de junho perdeu mais de 15% do seu valor em rela\u00e7\u00e3o ao euro e d\u00f3lar.<\/p>\n<p>Mudan\u00e7a de governo<\/p>\n<p>Em 24 de junho, um dia depois do referendo, o ent\u00e3o primeiro-ministro David Cameron, que convocou o referendo e liderou a campanha a favor da continuidade na Uni\u00e3o Europeia, apresentou a sua ren\u00fancia.<\/p>\n<p>Na disputa para suced\u00ea-lo, o rosto mais significativo da campanha pela ruptura com a Uni\u00e3o Europeia, o ex-prefeito de Londres Boris Johnson, surpreendentemente retirou sua candidatura no \u00faltimo minuto, dando espa\u00e7o a uma figura de consenso: a ministra do Interior Theresa May.<\/p>\n<p>Recusa judicial<\/p>\n<p>Em 3 de novembro, a Alta Corte ditou que o governo precisava de aprova\u00e7\u00e3o parlamentar para iniciar o processo do Brexit.<\/p>\n<p>O tabloide Daily Mail qualificou os ju\u00edzes como inimigos do povo e o governo apelou.<\/p>\n<p>Em 24 de janeiro de 2017, a Suprema Corte confirmou a senten\u00e7a, embora tenha declarado que o governo n\u00e3o tinha a obriga\u00e7\u00e3o de consultar Esc\u00f3cia, Irlanda do Norte e Pa\u00eds de Gales nas negocia\u00e7\u00f5es.<\/p>\n<p>&#8211; 2017 &#8211;<\/p>\n<p>Parlamento apoia o Brexit<\/p>\n<p>Em 13 de mar\u00e7o, o Parlamento aprovou a lei que deixava o caminho livre para May iniciar a ruptura com a Uni\u00e3o Europeia, descartando emendas que pediam para respeitar os direitos dos europeus que moravam no Reino Unido e outra reivindicando uma vota\u00e7\u00e3o parlamentar sobre o acordo resultante das negocia\u00e7\u00f5es entre UE e Londres.<\/p>\n<p>Elei\u00e7\u00f5es antecipadas<\/p>\n<p>Ansiosa para fortalecer ainda mais a sua posi\u00e7\u00e3o no Parlamento, May adianta as elei\u00e7\u00f5es para 8 de junho e fracassa: vence, mas perde a maioria absoluta e tem que negociar um acordo com os unionistas da Irlanda do Norte do DUP para ganhar o apoio de seus 10 deputados.<\/p>\n<p>Discurso de Floren\u00e7a<\/p>\n<p>Em 22 de setembro, em um discurso em Floren\u00e7a, na It\u00e1lia, May pede um per\u00edodo de transi\u00e7\u00e3o de dois anos depois do Brexit para tornar a separa\u00e7\u00e3o efetiva, e admite que o Reino Unido ter\u00e1 que pagar uma fatura de sa\u00edda, embora o montante seja alvo de debates com Bruxelas nos meses seguintes.<\/p>\n<p>Brexit tem data: 29 de mar\u00e7o de 2019<\/p>\n<p>Em novembro, May fixa a data exata da sa\u00edda brit\u00e2nica da UE: sexta-feira, 29 de mar\u00e7o de 2019, \u00e0s 23h00 (meia-noite em Bruxelas).<\/p>\n<p>Irlanda, ponto de disc\u00f3rdia<\/p>\n<p>A quest\u00e3o da Irlanda irrompe como o principal obst\u00e1culo a um primeiro acordo sobre os termos de separa\u00e7\u00e3o.<\/p>\n<p>Uni\u00e3o Europeia e Dublin exigem que a fronteira entre a prov\u00edncia brit\u00e2nica da Irlanda do Norte e Irlanda continue sendo de livre tr\u00e2nsito, mas isso n\u00e3o se encaixa com a pretens\u00e3o brit\u00e2nica de deixar o mercado \u00fanico e a uni\u00e3o aduaneira.<\/p>\n<p>Em 4 de dezembro, quando parecia que Londres concordaria, os unionistas da Irlanda do Norte do DUP torpedeiam o acordo.<\/p>\n<p>Acordo em Bruxelas<\/p>\n<p>Nesta sexta-feira, 8 de dezembro, pouco depois das 06h00 GMT e ap\u00f3s longas negocia\u00e7\u00f5es, o presidente da Comiss\u00e3o Europeia, Jean-Claude Juncker, e May anunciam em Bruxelas que chegaram a um acordo sobre os termos da separa\u00e7\u00e3o.<\/p>\n<p>Juncker declara que recomendar\u00e1 aos 27 pa\u00edses restantes a passar para a segunda fase das negocia\u00e7\u00f5es de ruptura na c\u00fapula que ocorrer\u00e1 nos dias 14 e 15 de dezembro.<\/p>\n<p>A segunda fase \u00e9 aguardada por May e pelos empres\u00e1rios brit\u00e2nicos: a das futuras rela\u00e7\u00f5es comerciais.<\/p>\n","protected":false},"excerpt":{"rendered":"<p>Os brit\u00e2nicos agitaram todo o mundo com sua decis\u00e3o de deixar a Uni\u00e3o Europeia (UE) em junho de 2016 e, nesta sexta-feira (8), um ano e meio depois, Londres e Bruxelas chegaram a um acordo sobre os termos da separa\u00e7\u00e3o. &#8211; 2016 &#8211; Brit\u00e2nicos votam a favor do Brexit Em 23 de junho, 17,4 milh\u00f5es &hellip;<\/p>\n","protected":false},"author":2,"featured_media":2524,"comment_status":"open","ping_status":"open","sticky":false,"template":"","format":"standard","meta":{"footnotes":""},"categories":[4],"tags":[],"class_list":["post-5588","post","type-post","status-publish","format-standard","has-post-thumbnail","hentry","category-ultimas-noticias"],"_links":{"self":[{"href":"https:\/\/goiasemtempo.com.br\/home\/wp-json\/wp\/v2\/posts\/5588","targetHints":{"allow":["GET"]}}],"collection":[{"href":"https:\/\/goiasemtempo.com.br\/home\/wp-json\/wp\/v2\/posts"}],"about":[{"href":"https:\/\/goiasemtempo.com.br\/home\/wp-json\/wp\/v2\/types\/post"}],"author":[{"embeddable":true,"href":"https:\/\/goiasemtempo.com.br\/home\/wp-json\/wp\/v2\/users\/2"}],"replies":[{"embeddable":true,"href":"https:\/\/goiasemtempo.com.br\/home\/wp-json\/wp\/v2\/comments?post=5588"}],"version-history":[{"count":1,"href":"https:\/\/goiasemtempo.com.br\/home\/wp-json\/wp\/v2\/posts\/5588\/revisions"}],"predecessor-version":[{"id":5589,"href":"https:\/\/goiasemtempo.com.br\/home\/wp-json\/wp\/v2\/posts\/5588\/revisions\/5589"}],"wp:featuredmedia":[{"embeddable":true,"href":"https:\/\/goiasemtempo.com.br\/home\/wp-json\/wp\/v2\/media\/2524"}],"wp:attachment":[{"href":"https:\/\/goiasemtempo.com.br\/home\/wp-json\/wp\/v2\/media?parent=5588"}],"wp:term":[{"taxonomy":"category","embeddable":true,"href":"https:\/\/goiasemtempo.com.br\/home\/wp-json\/wp\/v2\/categories?post=5588"},{"taxonomy":"post_tag","embeddable":true,"href":"https:\/\/goiasemtempo.com.br\/home\/wp-json\/wp\/v2\/tags?post=5588"}],"curies":[{"name":"wp","href":"https:\/\/api.w.org\/{rel}","templated":true}]}}