{"id":55858,"date":"2020-07-28T18:11:14","date_gmt":"2020-07-28T18:11:14","guid":{"rendered":"http:\/\/goiasemtempo.com.br\/home\/?p=55858"},"modified":"2020-07-28T18:11:14","modified_gmt":"2020-07-28T18:11:14","slug":"foz-do-iguacu-tera-o-primeiro-bairro-inteligente-do-pais","status":"publish","type":"post","link":"https:\/\/goiasemtempo.com.br\/home\/foz-do-iguacu-tera-o-primeiro-bairro-inteligente-do-pais\/","title":{"rendered":"Foz do Igua\u00e7u ter\u00e1 o primeiro bairro inteligente do pa\u00eds"},"content":{"rendered":"<div class=\"post-item-wrap\">\n<p>Localizada no munic\u00edpio paranaense de Foz do Igua\u00e7u, a Vila A ser\u00e1 o primeiro bairro inteligente do pa\u00eds. No Vila A, ser\u00e3o demonstradas e testadas solu\u00e7\u00f5es e interven\u00e7\u00f5es tecnol\u00f3gicas que poder\u00e3o ser monitoradas por meio de aplicativos customizados que permitem, inclusive, comunica\u00e7\u00e3o direta com os moradores.<img decoding=\"async\" src=\"https:\/\/agenciabrasil.ebc.com.br\/ebc.png?id=1312421&amp;o=node\" \/><img decoding=\"async\" src=\"https:\/\/agenciabrasil.ebc.com.br\/ebc.gif?id=1312421&amp;o=node\" \/><\/p>\n<p>O projeto Vila A Inteligente faz parte de um conv\u00eanio firmado hoje (28), entre Ag\u00eancia Brasileira de Desenvolvimento Industrial (ABDI), Parque Tecnol\u00f3gico Itaipu (PTI), Itaipu Binacional e prefeitura de Foz do Igua\u00e7u.<\/p>\n<p>Segundo o presidente da ABDI, Igor Calvet, o conv\u00eanio envolve tecnologias nas \u00e1reas de seguran\u00e7a p\u00fablica, mobilidade urbana e ilumina\u00e7\u00e3o p\u00fablica. \u201cAs tecnologias integrar\u00e3o cidad\u00e3os e institui\u00e7\u00f5es. Seguran\u00e7a e intelig\u00eancia artificial ser\u00e3o \u00e1reas muito beneficiadas. A ABDI tem procurado popularizar tecnologias nos setores econ\u00f4micos e para a popula\u00e7\u00e3o. Espero que esse projeto traga logo muitos resultados para o munic\u00edpio de Foz do Igua\u00e7u\u201d, disse Calvet durante a cerim\u00f4nia de assinatura do conv\u00eanio.<\/p>\n<h2>Primeira fase<\/h2>\n<p>Em outubro, dever\u00e3o ser instalados os primeiros sem\u00e1foros inteligentes no bairro, al\u00e9m de c\u00e2meras de reconhecimento facial e ilumina\u00e7\u00e3o p\u00fablica inteligente \u2013 com telegest\u00e3o e regula\u00e7\u00e3o da intensidade de brilho. Algumas das lumin\u00e1rias inteligentes t\u00eam, inclusive, c\u00e2meras de reconhecimento facial. O Centro de Comando e Controle come\u00e7a a ser instalado em agosto, informou \u00e0<strong>\u00a0Ag\u00eancia Brasil<\/strong>\u00a0o assessor especial da presid\u00eancia da ABDI Tiago Faierstein.<\/p>\n<p>Segundo Faierstein, a segunda fase do projeto, que ter\u00e1 in\u00edcio em dezembro, consiste na instala\u00e7\u00e3o de pontos de \u00f4nibus inteligentes (com telas de LED mostrando os hor\u00e1rios, ponto de carga de celular e acessibilidade para cadeirantes) e de um aplicativo (APP) para que o cidad\u00e3o possa interagir com todas as tecnologias dispon\u00edveis (inclusive com bot\u00e3o de p\u00e2nico). Est\u00e1 prevista tamb\u00e9m a implanta\u00e7\u00e3o de tecnologias que permitem o monitoramento de placas de ve\u00edculos.<\/p>\n<p>Faierstein informou que o bairro inteligente contar\u00e1 com quatro pontos de \u00f4nibus; quatro cruzamentos semaf\u00f3ricos inteligentes; 105 lumin\u00e1rias inteligentes; 120 c\u00e2meras de reconhecimento facial; cinco c\u00e2meras de reconhecimento de placas; cinco pontos de Wi-Fi gratuito e um centro de controle operacional com<em>\u00a0videowall<\/em>\u00a0(v\u00e1rios v\u00eddeos dispostos de forma conjunta). Est\u00e1 previsto ainda o desenvolvimento de um\u00a0<em>software<\/em>.<\/p>\n<h2>Sandbox<\/h2>\n<p>De acordo com a ABDI, a Vila A funcionar\u00e1 \u201cde acordo com o conceito de\u00a0<em>sandbox<\/em>\u00a0&#8211; um ambiente espec\u00edfico para testes de tecnologias inovadoras\u201d, conforme prev\u00ea decreto publicado no dia 25 pela prefeitura de Foz do Igua\u00e7u, que regulamentou a institui\u00e7\u00e3o de ambientes experimentais de inova\u00e7\u00e3o cient\u00edfica, tecnol\u00f3gica e empreendedora no munic\u00edpio, sob o formato de bancos de testes regulat\u00f3rios.<\/p>\n<p>Usado na \u00e1rea de tecnologia da informa\u00e7\u00e3o, o termo\u00a0<em>sandbox<\/em>\u00a0corresponde a \u201cambiente isolado, espec\u00edfico para testes de uma aplica\u00e7\u00e3o, sem impacto em outras aplica\u00e7\u00f5es que estejam rodando no sistema\u201d. Trata-se de uma esp\u00e9cie de \u201cteste regulat\u00f3rio\u201d que oferece a empresas inovadoras a possibilidade de opera\u00e7\u00e3o, em condi\u00e7\u00f5es e prazos determinados. Ap\u00f3s o teste, os resultados e riscos s\u00e3o avaliados.<\/p>\n<p>Segundo a ABDI \u2013 que destinar\u00e1 R$ 6 milh\u00f5es para o projeto Vila A Inteligente, por meio de um conv\u00eanio com o PTI nos pr\u00f3ximos tr\u00eas anos \u2013, o bairro receber\u00e1\u00a0<em>startups<\/em>\u00a0e empresas, por meio de editais p\u00fablicos, para teste e desenvolvimento de tecnologias, \u201cestimulando o empreendedorismo inovador\u201d.<\/p>\n<h2>Participa\u00e7\u00e3o popular<\/h2>\n<p>\u201cO futuro come\u00e7a a ser lan\u00e7ado, com integra\u00e7\u00e3o tecnol\u00f3gica e capacidade de desenvolvimento de\u00a0<em>startups<\/em>\u201d, disse o vice-prefeito de Foz do Igua\u00e7u, Newton Bobato. \u201cE poderemos testar, em ambiente urbano, a efetividade dessas tecnologias\u201d, complementou o diretor-superintendente do Parque Tecnol\u00f3gico de Itaipu, Eduardo Garrido.<\/p>\n<p>Na cerim\u00f4nia de lan\u00e7amento do bairro inteligente, o diretor-geral brasileiro da Itaipu Binacional, Joaquim Silva de Luna, destacou que uma das caracter\u00edsticas do projeto \u00e9 possibilitar a participa\u00e7\u00e3o das pessoas, no sentido de fazer sugest\u00f5es para o aperfei\u00e7oamento das tecnologias. \u201cA grande a\u00e7\u00e3o da cidade inteligente \u00e9 integrar coisas que existem. Os cidad\u00e3os poder\u00e3o contribuir com indica\u00e7\u00f5es para melhorar esse processo\u201d, disse Luna.<\/p>\n<\/div>\n<p class=\"alt-font font-italic my-2 small text-info\">Edi\u00e7\u00e3o: N\u00e1dia Franco<\/p>\n","protected":false},"excerpt":{"rendered":"<p>Localizada no munic\u00edpio paranaense de Foz do Igua\u00e7u, a Vila A ser\u00e1 o primeiro bairro inteligente do pa\u00eds. No Vila A, ser\u00e3o demonstradas e testadas solu\u00e7\u00f5es e interven\u00e7\u00f5es tecnol\u00f3gicas que poder\u00e3o ser monitoradas por meio de aplicativos customizados que permitem, inclusive, comunica\u00e7\u00e3o direta com os moradores. O projeto Vila A Inteligente faz parte de um &hellip;<\/p>\n","protected":false},"author":3,"featured_media":55859,"comment_status":"open","ping_status":"open","sticky":false,"template":"","format":"standard","meta":{"_exactmetrics_skip_tracking":false,"_exactmetrics_sitenote_active":false,"_exactmetrics_sitenote_note":"","_exactmetrics_sitenote_category":0,"footnotes":""},"categories":[7],"tags":[333,334,332],"_links":{"self":[{"href":"https:\/\/goiasemtempo.com.br\/home\/wp-json\/wp\/v2\/posts\/55858"}],"collection":[{"href":"https:\/\/goiasemtempo.com.br\/home\/wp-json\/wp\/v2\/posts"}],"about":[{"href":"https:\/\/goiasemtempo.com.br\/home\/wp-json\/wp\/v2\/types\/post"}],"author":[{"embeddable":true,"href":"https:\/\/goiasemtempo.com.br\/home\/wp-json\/wp\/v2\/users\/3"}],"replies":[{"embeddable":true,"href":"https:\/\/goiasemtempo.com.br\/home\/wp-json\/wp\/v2\/comments?post=55858"}],"version-history":[{"count":1,"href":"https:\/\/goiasemtempo.com.br\/home\/wp-json\/wp\/v2\/posts\/55858\/revisions"}],"predecessor-version":[{"id":55860,"href":"https:\/\/goiasemtempo.com.br\/home\/wp-json\/wp\/v2\/posts\/55858\/revisions\/55860"}],"wp:featuredmedia":[{"embeddable":true,"href":"https:\/\/goiasemtempo.com.br\/home\/wp-json\/wp\/v2\/media\/55859"}],"wp:attachment":[{"href":"https:\/\/goiasemtempo.com.br\/home\/wp-json\/wp\/v2\/media?parent=55858"}],"wp:term":[{"taxonomy":"category","embeddable":true,"href":"https:\/\/goiasemtempo.com.br\/home\/wp-json\/wp\/v2\/categories?post=55858"},{"taxonomy":"post_tag","embeddable":true,"href":"https:\/\/goiasemtempo.com.br\/home\/wp-json\/wp\/v2\/tags?post=55858"}],"curies":[{"name":"wp","href":"https:\/\/api.w.org\/{rel}","templated":true}]}}