{"id":55694,"date":"2020-07-23T22:58:00","date_gmt":"2020-07-23T22:58:00","guid":{"rendered":"http:\/\/goiasemtempo.com.br\/home\/?p=55694"},"modified":"2020-07-23T23:03:04","modified_gmt":"2020-07-23T23:03:04","slug":"bolsonaro-passeia-de-moto-e-conversa-com-garis","status":"publish","type":"post","link":"https:\/\/goiasemtempo.com.br\/home\/bolsonaro-passeia-de-moto-e-conversa-com-garis\/","title":{"rendered":"Bolsonaro passeia de moto e conversa com garis em Bras\u00edlia"},"content":{"rendered":"<p>Diagnosticado com o novo coronav\u00edrus, o presidente Jair Bolsonaro passeou de moto na \u00e1rea externa do\u00a0<a href=\"https:\/\/tudo-sobre.estadao.com.br\/palacio-da-alvorada-brasilia\" target=\"_blank\" rel=\"noopener noreferrer\" data-id=\"110\" data-m=\"{&quot;i&quot;:110,&quot;p&quot;:107,&quot;n&quot;:&quot;partnerLink&quot;,&quot;y&quot;:24,&quot;o&quot;:3}\"><strong>Pal\u00e1cio da Alvorada<\/strong><\/a>\u00a0nesta quinta-feira, 23. Sem usar m\u00e1scara, o presidente parou para conversar com trabalhadores que faziam a limpeza do local.<\/p>\n<p>Apesar da expectativa pelo resultado negativo, Bolsonaro informou o\u00a0<a href=\"https:\/\/politica.estadao.com.br\/noticias\/geral,bolsonaro-volta-a-testar-positivo-para-covid-19,70003372107\" target=\"_blank\" rel=\"noopener noreferrer\" data-id=\"111\" data-m=\"{&quot;i&quot;:111,&quot;p&quot;:107,&quot;n&quot;:&quot;partnerLink&quot;,&quot;y&quot;:24,&quot;o&quot;:4}\"><strong>terceiro teste positivo para a covid-19<\/strong><\/a>\u00a0na \u00faltima quarta-feira, 22. Desde o dia 7 de julho, quando anunciou que estava infectado, ele segue em isolamento no Pal\u00e1cio da Alvorada, resid\u00eancia oficial da Presid\u00eancia, onde despacha por videoconfer\u00eancia.<\/p>\n<p>Nas fotos, Bolsonaro aparece sorrindo para profissionais que faziam a limpeza da \u00e1rea externa do Pal\u00e1cio.<\/p>\n<p>Com Ag\u00eancia de Not\u00edcias\/MSN\/<\/p>\n","protected":false},"excerpt":{"rendered":"<p>Diagnosticado com o novo coronav\u00edrus, o presidente Jair Bolsonaro passeou de moto na \u00e1rea externa do\u00a0Pal\u00e1cio da Alvorada\u00a0nesta quinta-feira, 23. Sem usar m\u00e1scara, o presidente parou para conversar com trabalhadores que faziam a limpeza do local. Apesar da expectativa pelo resultado negativo, Bolsonaro informou o\u00a0terceiro teste positivo para a covid-19\u00a0na \u00faltima quarta-feira, 22. Desde o &hellip;<\/p>\n","protected":false},"author":3,"featured_media":55695,"comment_status":"open","ping_status":"open","sticky":false,"template":"","format":"standard","meta":{"footnotes":""},"categories":[4],"tags":[211,76,212,75,210],"class_list":["post-55694","post","type-post","status-publish","format-standard","has-post-thumbnail","hentry","category-ultimas-noticias","tag-alvorada","tag-bolsonaro","tag-brasil","tag-covid-19","tag-garis"],"_links":{"self":[{"href":"https:\/\/goiasemtempo.com.br\/home\/wp-json\/wp\/v2\/posts\/55694","targetHints":{"allow":["GET"]}}],"collection":[{"href":"https:\/\/goiasemtempo.com.br\/home\/wp-json\/wp\/v2\/posts"}],"about":[{"href":"https:\/\/goiasemtempo.com.br\/home\/wp-json\/wp\/v2\/types\/post"}],"author":[{"embeddable":true,"href":"https:\/\/goiasemtempo.com.br\/home\/wp-json\/wp\/v2\/users\/3"}],"replies":[{"embeddable":true,"href":"https:\/\/goiasemtempo.com.br\/home\/wp-json\/wp\/v2\/comments?post=55694"}],"version-history":[{"count":2,"href":"https:\/\/goiasemtempo.com.br\/home\/wp-json\/wp\/v2\/posts\/55694\/revisions"}],"predecessor-version":[{"id":55697,"href":"https:\/\/goiasemtempo.com.br\/home\/wp-json\/wp\/v2\/posts\/55694\/revisions\/55697"}],"wp:featuredmedia":[{"embeddable":true,"href":"https:\/\/goiasemtempo.com.br\/home\/wp-json\/wp\/v2\/media\/55695"}],"wp:attachment":[{"href":"https:\/\/goiasemtempo.com.br\/home\/wp-json\/wp\/v2\/media?parent=55694"}],"wp:term":[{"taxonomy":"category","embeddable":true,"href":"https:\/\/goiasemtempo.com.br\/home\/wp-json\/wp\/v2\/categories?post=55694"},{"taxonomy":"post_tag","embeddable":true,"href":"https:\/\/goiasemtempo.com.br\/home\/wp-json\/wp\/v2\/tags?post=55694"}],"curies":[{"name":"wp","href":"https:\/\/api.w.org\/{rel}","templated":true}]}}