{"id":5564,"date":"2017-12-25T02:27:12","date_gmt":"2017-12-25T02:27:12","guid":{"rendered":"http:\/\/goiasemtempo.com.br\/home\/?p=5564"},"modified":"2017-12-25T02:27:12","modified_gmt":"2017-12-25T02:27:12","slug":"reforma-da-previdencia-deve-ser-votada-no-senado-em-fevereiro-diz-temer","status":"publish","type":"post","link":"https:\/\/goiasemtempo.com.br\/home\/reforma-da-previdencia-deve-ser-votada-no-senado-em-fevereiro-diz-temer\/","title":{"rendered":"Reforma da Previd\u00eancia deve ser votada no Senado em fevereiro, diz Temer"},"content":{"rendered":"<p>O presidente Michel Temer disse hoje (8) que tem expectativa de que a reforma da Previd\u00eancia, ap\u00f3s ser aprovada na C\u00e2mara dos Deputados daqui a dez dias, siga para o Senado em fevereiro do pr\u00f3ximo ano. Ele discursou no 22\u00ba Encontro Anual da Ind\u00fastria Qu\u00edmica, na capital paulista, acompanhado dos ministros da Educa\u00e7\u00e3o Mendon\u00e7a Filho, de Minas e Energia Fernando Coelho, e da Secretaria do Governo, Ant\u00f4nio Imbassahy.<\/p>\n<p>Na oportunidade, o presidente convocou empres\u00e1rios presentes a formar uma for\u00e7a-tarefa de convencimento dos deputados para aprova\u00e7\u00e3o da reforma da Previd\u00eancia. De acordo com Temer, o clima est\u00e1 favor\u00e1vel para a aprova\u00e7\u00e3o. \u201cA imprensa est\u00e1 a favor, fazendo campanha a favor\u201d, afirmou.<\/p>\n<p>Temer disse ter receio de que os parlamentares votem contra o governo, devido \u00e0 proximidade das elei\u00e7\u00f5es. \u201c\u00c9 natural que deputado fique preocupado. Essa hist\u00f3ria de rede social \u00e9 um horror. Eles colocam uma [imagem de] caveirinha, [dizendo] acabei de aposentar. Precisamos reestabelecer a verdade\u201d, disse.<\/p>\n<p>Segundo o presidente, \u00e9 preciso combater a ideia de que a reforma vem para prejudicar. \u201cQuem hoje combate a reforma \u00e9 a favor da manuten\u00e7\u00e3o dos privil\u00e9gios. N\u00e3o h\u00e1 como dizer que [a reforma] atinge os trabalhadores da iniciativa privada e servidores que ganham at\u00e9 R$ 5 mil.\u201d Ele disse que segue o conselho do marqueteiro Nizan Guanaes, de aproveitar sua impopularidade para fazer \u201ctudo de que o Brasil precisa\u201d.<\/p>\n<p>Em seu discurso, o presidente do Conselho Diretor da Associa\u00e7\u00e3o Brasileira da Ind\u00fastria Qu\u00edmica (Abiquim), Marcos Ant\u00f4nio de Marchi, destacou a decad\u00eancia do setor durante a \u00faltima d\u00e9cada e atribuiu o baixo desempenho ao alto custo da mat\u00e9ria prima e da energia, al\u00e9m do chamado custo Brasil.<\/p>\n<p>Dados divulgados durante o evento apontam que o setor obteve faturamento l\u00edquido de 119,6 bilh\u00f5es de d\u00f3lares em 2017, alta de 9,5% na compara\u00e7\u00e3o com 2016. Apesar da alta, a ind\u00fastria qu\u00edmica mostra trajet\u00f3ria de queda desde 2011, quando o faturamento foi de 150 bilh\u00f5es de d\u00f3lares.<\/p>\n","protected":false},"excerpt":{"rendered":"<p>O presidente Michel Temer disse hoje (8) que tem expectativa de que a reforma da Previd\u00eancia, ap\u00f3s ser aprovada na C\u00e2mara dos Deputados daqui a dez dias, siga para o Senado em fevereiro do pr\u00f3ximo ano. Ele discursou no 22\u00ba Encontro Anual da Ind\u00fastria Qu\u00edmica, na capital paulista, acompanhado dos ministros da Educa\u00e7\u00e3o Mendon\u00e7a Filho, &hellip;<\/p>\n","protected":false},"author":2,"featured_media":2512,"comment_status":"open","ping_status":"open","sticky":false,"template":"","format":"standard","meta":{"footnotes":""},"categories":[4],"tags":[],"class_list":["post-5564","post","type-post","status-publish","format-standard","has-post-thumbnail","hentry","category-ultimas-noticias"],"_links":{"self":[{"href":"https:\/\/goiasemtempo.com.br\/home\/wp-json\/wp\/v2\/posts\/5564","targetHints":{"allow":["GET"]}}],"collection":[{"href":"https:\/\/goiasemtempo.com.br\/home\/wp-json\/wp\/v2\/posts"}],"about":[{"href":"https:\/\/goiasemtempo.com.br\/home\/wp-json\/wp\/v2\/types\/post"}],"author":[{"embeddable":true,"href":"https:\/\/goiasemtempo.com.br\/home\/wp-json\/wp\/v2\/users\/2"}],"replies":[{"embeddable":true,"href":"https:\/\/goiasemtempo.com.br\/home\/wp-json\/wp\/v2\/comments?post=5564"}],"version-history":[{"count":1,"href":"https:\/\/goiasemtempo.com.br\/home\/wp-json\/wp\/v2\/posts\/5564\/revisions"}],"predecessor-version":[{"id":5565,"href":"https:\/\/goiasemtempo.com.br\/home\/wp-json\/wp\/v2\/posts\/5564\/revisions\/5565"}],"wp:featuredmedia":[{"embeddable":true,"href":"https:\/\/goiasemtempo.com.br\/home\/wp-json\/wp\/v2\/media\/2512"}],"wp:attachment":[{"href":"https:\/\/goiasemtempo.com.br\/home\/wp-json\/wp\/v2\/media?parent=5564"}],"wp:term":[{"taxonomy":"category","embeddable":true,"href":"https:\/\/goiasemtempo.com.br\/home\/wp-json\/wp\/v2\/categories?post=5564"},{"taxonomy":"post_tag","embeddable":true,"href":"https:\/\/goiasemtempo.com.br\/home\/wp-json\/wp\/v2\/tags?post=5564"}],"curies":[{"name":"wp","href":"https:\/\/api.w.org\/{rel}","templated":true}]}}