{"id":55623,"date":"2020-07-22T18:54:53","date_gmt":"2020-07-22T18:54:53","guid":{"rendered":"http:\/\/goiasemtempo.com.br\/home\/?p=55623"},"modified":"2020-07-22T18:54:53","modified_gmt":"2020-07-22T18:54:53","slug":"ex-proprietario-de-veiculo-nao-transferido-nao-e-responsavel-por-acidente-entende-juiz","status":"publish","type":"post","link":"https:\/\/goiasemtempo.com.br\/home\/ex-proprietario-de-veiculo-nao-transferido-nao-e-responsavel-por-acidente-entende-juiz\/","title":{"rendered":"Ex-propriet\u00e1rio de ve\u00edculo n\u00e3o transferido ,n\u00e3o \u00e9 respons\u00e1vel por acidente, entende juiz"},"content":{"rendered":"<p><span class=\"TextRun BCX0 SCXW68765997\" lang=\"PT-BR\" xml:lang=\"PT-BR\" data-contrast=\"auto\"><span class=\"NormalTextRun BCX0 SCXW68765997\">O ex-propriet\u00e1rio de um ve\u00edculo envolvido em um acidente de tr\u00e2nsito com v\u00edtima fatal conseguiu provar na Justi\u00e7a que n\u00e3o era mais o dono do carro \u00e0 \u00e9poca do ocorrido. O Juiz Nivaldo Mendes Pereira, da comarca de Santa Cruz de Goi\u00e1s, no interior do Estado, reconheceu a ilegitimidade passiva e extinguiu o processo movido contra ele.\u00a0 A esposa da v\u00edtima pedia indeniza\u00e7\u00e3o por danos morais e materiais, al\u00e9m de pens\u00e3o vital\u00edcia.<\/span><\/span><span class=\"LineBreakBlob BlobObject DragDrop BCX0 SCXW68765997\"><span class=\"BCX0 SCXW68765997\">\u00a0<\/span><br class=\"BCX0 SCXW68765997\" \/><\/span><span class=\"LineBreakBlob BlobObject DragDrop BCX0 SCXW68765997\"><span class=\"BCX0 SCXW68765997\">\u00a0<\/span><br class=\"BCX0 SCXW68765997\" \/><\/span><span class=\"TextRun BCX0 SCXW68765997\" lang=\"PT-BR\" xml:lang=\"PT-BR\" data-contrast=\"auto\"><span class=\"NormalTextRun BCX0 SCXW68765997\">Em sua decis\u00e3o, o juiz adotou o entendimento expresso na S\u00famula 132, do Superior Tribunal de Justi\u00e7a (STJ), de que a aus\u00eancia de registro de transfer\u00eancia n\u00e3o implica a responsabilidade do antigo propriet\u00e1rio por dano resultante de acidente que envolva ve\u00edculo alienado. No caso em quest\u00e3o, o ex-propriet\u00e1rio conseguiu provar que vendeu o carro antes do acidente.\u00a0<\/span><\/span><span class=\"LineBreakBlob BlobObject DragDrop BCX0 SCXW68765997\"><span class=\"BCX0 SCXW68765997\">\u00a0<\/span><br class=\"BCX0 SCXW68765997\" \/><\/span><span class=\"LineBreakBlob BlobObject DragDrop BCX0 SCXW68765997\"><span class=\"BCX0 SCXW68765997\">\u00a0<\/span><br class=\"BCX0 SCXW68765997\" \/><\/span><span class=\"TextRun BCX0 SCXW68765997\" lang=\"PT-BR\" xml:lang=\"PT-BR\" data-contrast=\"auto\"><span class=\"NormalTextRun BCX0 SCXW68765997\">Na a\u00e7\u00e3o, a vi\u00fava da v\u00edtima relata que,\u00a0em setembro de 2017, seu esposo foi v\u00edtima de acidente de tr\u00e2nsito na GO-020, que o levou a \u00f3bito. Na ocasi\u00e3o, outro ve\u00edculo\u00a0invadiu a via ao sair de uma estrada vicinal provocando a colis\u00e3o. O motorista do carro saiu do local sem prestar socorro. Ao pedir as indeniza\u00e7\u00f5es e pens\u00e3o, disse que o\u00a0acidente causou\u00a0danos de v\u00e1rias esp\u00e9cies.<\/span><\/span><span class=\"LineBreakBlob BlobObject DragDrop BCX0 SCXW68765997\"><span class=\"BCX0 SCXW68765997\">\u00a0<\/span><br class=\"BCX0 SCXW68765997\" \/><\/span><span class=\"LineBreakBlob BlobObject DragDrop BCX0 SCXW68765997\"><span class=\"BCX0 SCXW68765997\">\u00a0<\/span><br class=\"BCX0 SCXW68765997\" \/><\/span><span class=\"TextRun BCX0 SCXW68765997\" lang=\"PT-BR\" xml:lang=\"PT-BR\" data-contrast=\"auto\"><span class=\"NormalTextRun BCX0 SCXW68765997\">O ex-propriet\u00e1rio informou que comprou o ve\u00edculo em 2014 e que o vendeu no mesmo, por\u00e9m n\u00e3o pode transferir porque o documento do carro estava retido. Diz que, um ano antes do acidente, passou o ve\u00edculo para uma nova propriet\u00e1ria, inclusive com o reconhecimento de assinatura em cart\u00f3rio. Por\u00e9m, a atual dona n\u00e3o providenciou a transfer\u00eancia junto ao Detran-GO. Observa, ainda, que a mulher buscou o ve\u00edculo na barreira policial tr\u00eas meses ap\u00f3s o acidente.<\/span><\/span><span class=\"LineBreakBlob BlobObject DragDrop BCX0 SCXW68765997\"><span class=\"BCX0 SCXW68765997\">\u00a0<\/span><br class=\"BCX0 SCXW68765997\" \/><\/span><\/p>\n<figure id=\"attachment_84501\" class=\"wp-caption alignright\" aria-describedby=\"caption-attachment-84501\"><a href=\"https:\/\/www.rotajuridica.com.br\/wp-content\/uploads\/2020\/07\/advogado-Murilo-Alberto-Budaz-Rezende.jpeg\"><img fetchpriority=\"high\" decoding=\"async\" class=\"size-medium wp-image-84501 td-animation-stack-type0-2\" src=\"https:\/\/www.rotajuridica.com.br\/wp-content\/uploads\/2020\/07\/advogado-Murilo-Alberto-Budaz-Rezende-200x300.jpeg\" sizes=\"(max-width: 200px) 100vw, 200px\" srcset=\"https:\/\/www.rotajuridica.com.br\/wp-content\/uploads\/2020\/07\/advogado-Murilo-Alberto-Budaz-Rezende-200x300.jpeg 200w, https:\/\/www.rotajuridica.com.br\/wp-content\/uploads\/2020\/07\/advogado-Murilo-Alberto-Budaz-Rezende-682x1024.jpeg 682w, https:\/\/www.rotajuridica.com.br\/wp-content\/uploads\/2020\/07\/advogado-Murilo-Alberto-Budaz-Rezende-768x1152.jpeg 768w, https:\/\/www.rotajuridica.com.br\/wp-content\/uploads\/2020\/07\/advogado-Murilo-Alberto-Budaz-Rezende-696x1044.jpeg 696w, https:\/\/www.rotajuridica.com.br\/wp-content\/uploads\/2020\/07\/advogado-Murilo-Alberto-Budaz-Rezende-280x420.jpeg 280w, https:\/\/www.rotajuridica.com.br\/wp-content\/uploads\/2020\/07\/advogado-Murilo-Alberto-Budaz-Rezende.jpeg 853w\" alt=\"\" width=\"200\" height=\"300\" \/><\/a><figcaption id=\"caption-attachment-84501\" class=\"wp-caption-text\">Advogado Murilo Alberto\u00a0Budaz\u00a0Rezende.<\/figcaption><\/figure>\n<p><strong><span class=\"TextRun BCX0 SCXW68765997\" lang=\"PT-BR\" xml:lang=\"PT-BR\" data-contrast=\"auto\"><span class=\"NormalTextRun BCX0 SCXW68765997\">Responsabilidade<\/span><\/span><\/strong><span class=\"LineBreakBlob BlobObject DragDrop BCX0 SCXW68765997\"><strong><span class=\"BCX0 SCXW68765997\">\u00a0<\/span><\/strong><\/span><\/p>\n<p><span class=\"LineBreakBlob BlobObject DragDrop BCX0 SCXW68765997\"><br class=\"BCX0 SCXW68765997\" \/><\/span><span class=\"TextRun BCX0 SCXW68765997\" lang=\"PT-BR\" xml:lang=\"PT-BR\" data-contrast=\"auto\"><span class=\"NormalTextRun BCX0 SCXW68765997\">Conforme argumentou o advogado Murilo Alberto\u00a0<\/span><\/span><span class=\"TextRun BCX0 SCXW68765997\" lang=\"PT-BR\" xml:lang=\"PT-BR\" data-contrast=\"auto\"><span class=\"SpellingError BCX0 SCXW68765997\">Budaz<\/span><\/span><span class=\"TextRun BCX0 SCXW68765997\" lang=\"PT-BR\" xml:lang=\"PT-BR\" data-contrast=\"auto\"><span class=\"NormalTextRun BCX0 SCXW68765997\">\u00a0Rezende na contesta\u00e7\u00e3o, a vincula\u00e7\u00e3o do nome do ex-propriet\u00e1rio junto ao Detran, por si s\u00f3, n\u00e3o \u00e9 capaz de atribuir a ele a responsabilidade pelo ato il\u00edcito praticado pelo condutor do ve\u00edculo. Lembra que, antes mesmo da S\u00famula 132 do STJ, o posicionamento adotado pelos tribunais j\u00e1 era o de que a aus\u00eancia de registro de transfer\u00eancia n\u00e3o implica a responsabilidade do antigo propriet\u00e1rio.\u00a0<\/span><\/span><span class=\"LineBreakBlob BlobObject DragDrop BCX0 SCXW68765997\"><span class=\"BCX0 SCXW68765997\">\u00a0<\/span><br class=\"BCX0 SCXW68765997\" \/><\/span><span class=\"LineBreakBlob BlobObject DragDrop BCX0 SCXW68765997\"><span class=\"BCX0 SCXW68765997\">\u00a0<\/span><br class=\"BCX0 SCXW68765997\" \/><\/span><span class=\"TextRun BCX0 SCXW68765997\" lang=\"PT-BR\" xml:lang=\"PT-BR\" data-contrast=\"auto\"><span class=\"NormalTextRun BCX0 SCXW68765997\">Al\u00e9m disso, que a jurisprud\u00eancia \u00e9 farta no sentido de o ex-dono n\u00e3o pode ser responsabilizado por algo que n\u00e3o concorreu, pois, caso fosse, se\u00a0permitiria a responsabilidade objetiva do mesmo. Dentro dos postulados da responsabilidade civil, se todo dano \u00e9 indeniz\u00e1vel, est\u00e1 claro que deve ser reparado por quem a ele se liga por um nexo de causalidade\u201d, explicou o advogado.<\/span><\/span><span class=\"LineBreakBlob BlobObject DragDrop BCX0 SCXW68765997\"><span class=\"BCX0 SCXW68765997\">\u00a0<\/span><br class=\"BCX0 SCXW68765997\" \/><\/span><span class=\"LineBreakBlob BlobObject DragDrop BCX0 SCXW68765997\"><span class=\"BCX0 SCXW68765997\">\u00a0<\/span><br class=\"BCX0 SCXW68765997\" \/><\/span><strong><span class=\"TextRun BCX0 SCXW68765997\" lang=\"PT-BR\" xml:lang=\"PT-BR\" data-contrast=\"auto\"><span class=\"NormalTextRun BCX0 SCXW68765997\">Decis\u00e3o<\/span><\/span><\/strong><span class=\"LineBreakBlob BlobObject DragDrop BCX0 SCXW68765997\"><strong><span class=\"BCX0 SCXW68765997\">\u00a0<\/span><\/strong><br class=\"BCX0 SCXW68765997\" \/><\/span><span class=\"TextRun BCX0 SCXW68765997\" lang=\"PT-BR\" xml:lang=\"PT-BR\" data-contrast=\"auto\"><span class=\"NormalTextRun BCX0 SCXW68765997\">Em sua decis\u00e3o, o juiz disse que, como o acidente de tr\u00e2nsito ocorreu quando o requerido n\u00e3o\u00a0era mais o propriet\u00e1rio do bem, o reconhecimento de sua ilegitimidade para figurar no polo passivo \u00e9 medida que se imp\u00f5e. \u201cAdemais, a S\u00famula 132 do STJ n\u00e3o permite entender de forma diversa, eis que a aus\u00eancia de registro de transfer\u00eancia n\u00e3o implica a responsabilidade do antigo propriet\u00e1rio por dano resultante de acidente que envolva ve\u00edculo alienado\u201d, completou.<\/span><\/span><span class=\"LineBreakBlob BlobObject DragDrop BCX0 SCXW68765997\"><span class=\"BCX0 SCXW68765997\">\u00a0<\/span><br class=\"BCX0 SCXW68765997\" \/><\/span><span class=\"LineBreakBlob BlobObject DragDrop BCX0 SCXW68765997\"><span class=\"BCX0 SCXW68765997\">\u00a0<\/span><br class=\"BCX0 SCXW68765997\" \/><\/span><strong><em><span class=\"TextRun BCX0 SCXW68765997\" lang=\"PT-BR\" xml:lang=\"PT-BR\" data-contrast=\"auto\"><span class=\"NormalTextRun BCX0 SCXW68765997\">Autos n\u00b0 5147002.95.2018.8.09.0141<\/span><\/span><\/em><\/strong><span class=\"LineBreakBlob BlobObject DragDrop BCX0 SCXW68765997\"><strong><em><span class=\"BCX0 SCXW68765997\">\u00a0<\/span><\/em><\/strong><\/span><\/p>\n","protected":false},"excerpt":{"rendered":"<p>O ex-propriet\u00e1rio de um ve\u00edculo envolvido em um acidente de tr\u00e2nsito com v\u00edtima fatal conseguiu provar na Justi\u00e7a que n\u00e3o era mais o dono do carro \u00e0 \u00e9poca do ocorrido. O Juiz Nivaldo Mendes Pereira, da comarca de Santa Cruz de Goi\u00e1s, no interior do Estado, reconheceu a ilegitimidade passiva e extinguiu o processo movido &hellip;<\/p>\n","protected":false},"author":3,"featured_media":55624,"comment_status":"open","ping_status":"open","sticky":false,"template":"","format":"standard","meta":{"_exactmetrics_skip_tracking":false,"_exactmetrics_sitenote_active":false,"_exactmetrics_sitenote_note":"","_exactmetrics_sitenote_category":0,"footnotes":""},"categories":[26],"tags":[166,168,167],"_links":{"self":[{"href":"https:\/\/goiasemtempo.com.br\/home\/wp-json\/wp\/v2\/posts\/55623"}],"collection":[{"href":"https:\/\/goiasemtempo.com.br\/home\/wp-json\/wp\/v2\/posts"}],"about":[{"href":"https:\/\/goiasemtempo.com.br\/home\/wp-json\/wp\/v2\/types\/post"}],"author":[{"embeddable":true,"href":"https:\/\/goiasemtempo.com.br\/home\/wp-json\/wp\/v2\/users\/3"}],"replies":[{"embeddable":true,"href":"https:\/\/goiasemtempo.com.br\/home\/wp-json\/wp\/v2\/comments?post=55623"}],"version-history":[{"count":1,"href":"https:\/\/goiasemtempo.com.br\/home\/wp-json\/wp\/v2\/posts\/55623\/revisions"}],"predecessor-version":[{"id":55625,"href":"https:\/\/goiasemtempo.com.br\/home\/wp-json\/wp\/v2\/posts\/55623\/revisions\/55625"}],"wp:featuredmedia":[{"embeddable":true,"href":"https:\/\/goiasemtempo.com.br\/home\/wp-json\/wp\/v2\/media\/55624"}],"wp:attachment":[{"href":"https:\/\/goiasemtempo.com.br\/home\/wp-json\/wp\/v2\/media?parent=55623"}],"wp:term":[{"taxonomy":"category","embeddable":true,"href":"https:\/\/goiasemtempo.com.br\/home\/wp-json\/wp\/v2\/categories?post=55623"},{"taxonomy":"post_tag","embeddable":true,"href":"https:\/\/goiasemtempo.com.br\/home\/wp-json\/wp\/v2\/tags?post=55623"}],"curies":[{"name":"wp","href":"https:\/\/api.w.org\/{rel}","templated":true}]}}