{"id":55484,"date":"2020-07-19T13:27:09","date_gmt":"2020-07-19T13:27:09","guid":{"rendered":"http:\/\/goiasemtempo.com.br\/home\/?p=55484"},"modified":"2020-07-19T13:27:11","modified_gmt":"2020-07-19T13:27:11","slug":"bolsonaro-posta-video-neste-domingo-sobre-importacao-de-medicamentos-do-uruguai","status":"publish","type":"post","link":"https:\/\/goiasemtempo.com.br\/home\/bolsonaro-posta-video-neste-domingo-sobre-importacao-de-medicamentos-do-uruguai\/","title":{"rendered":"Bolsonaro posta v\u00eddeo neste domingo sobre importa\u00e7\u00e3o de medicamentos do Uruguai"},"content":{"rendered":"\n<p class=\"wp-block-paragraph\">O presidente Jair Bolsonaro postou, no in\u00edcio da manh\u00e3 deste&nbsp;domingo&nbsp;(19), v\u00eddeo produzido pelo Ex\u00e9rcito Brasileiro sobre a importa\u00e7\u00e3o de sedativos, analg\u00e9sicos e neurobloqueadores do Uruguai para pacientes internados em unidades de terapia&nbsp;intensiva (UTI) em hospitais do Rio Grande do Sul (RS) e de Santa Catarina (SC).<img decoding=\"async\" src=\"https:\/\/agenciabrasil.ebc.com.br\/ebc.png?id=1311839&amp;o=node\"><\/p>\n\n\n\n<p class=\"wp-block-paragraph\">A aquisi\u00e7\u00e3o foi feita na \u00faltima&nbsp;sexta-feira (16). Conforme o v\u00eddeo \u201cos medicamentos s\u00e3o indispens\u00e1veis para pacientes que est\u00e3o em tratamento em UTI, a maioria em decorr\u00eancia da covid-19.\u201d<\/p>\n\n\n\n<p class=\"wp-block-paragraph\">Segundo escreveu o presidente Bolsonaro no\u00a0<a href=\"https:\/\/twitter.com\/jairbolsonaro\/status\/1284796485767495680\" target=\"_blank\" rel=\"noreferrer noopener\">post<\/a>,\u00a0\u201ch\u00e1 mais de uma semana muitos hospitais do RS e de SC estavam sem analg\u00e9sicos e sedativos, extremamente necess\u00e1rios quando se usam os respiradores. O general Pazuello, ministro interino da Sa\u00fade, entrou em negocia\u00e7\u00e3o com o governo do Uruguai e resolveu rapidamente o problema.\u201d<\/p>\n\n\n\n<figure class=\"wp-block-embed-twitter wp-block-embed is-type-rich is-provider-twitter\"><div class=\"wp-block-embed__wrapper\">\n<blockquote class=\"twitter-tweet\" data-width=\"550\" data-dnt=\"true\"><p lang=\"pt\" dir=\"ltr\">&#8211; H\u00e1 mais de uma semana muitos hospitais do RS e de SC estavam sem analg\u00e9sicos e sedativos, extremamente necess\u00e1rios quando se usam os respiradores.<br><br>&#8211; O General Pazuello, Min interino da Saude, entrou em negocia\u00e7\u00e3o com o governo do Uruguai e resolveu rapidamente o problema. <a href=\"https:\/\/t.co\/LDndSHfn8t\">pic.twitter.com\/LDndSHfn8t<\/a><\/p>&mdash; Jair M. Bolsonaro (@jairbolsonaro) <a href=\"https:\/\/twitter.com\/jairbolsonaro\/status\/1284796485767495680?ref_src=twsrc%5Etfw\" target=\"_blank\" rel=\"noopener\">July 19, 2020<\/a><\/blockquote><script async src=\"https:\/\/platform.twitter.com\/widgets.js\" charset=\"utf-8\"><\/script>\n<\/div><\/figure>\n\n\n\n\n\n<p class=\"wp-block-paragraph\">Nota do Minist\u00e9rio da Sa\u00fade informa que foram adquiridas, \u201cem parceria com empresas uruguaias, 54.867 unidades de medicamentos usados no aux\u00edlio da intuba\u00e7\u00e3o de pacientes em UTI, que se encontram em estado grave ou grav\u00edssimo pela covid-19. O refor\u00e7o foi entregue&nbsp;sexta-feira (17)&nbsp;\u00e0s secretarias de Sa\u00fade do Rio Grande do Sul e Santa Catarina, que est\u00e3o com os estoques baixos dos medicamentos. S\u00e3o 48.867 unidades de Propofol, 5&nbsp;mil de Priaxim e mil unidades de dexmedetomidina. A aquisi\u00e7\u00e3o custou ao Minist\u00e9rio da Sa\u00fade US$ 298,5 mil.\u201d<\/p>\n\n\n\n<p class=\"wp-block-paragraph\">Tr\u00eas batalh\u00f5es do Ex\u00e9rcito atuaram na opera\u00e7\u00e3o desde o munic\u00edpio Jaguar\u00e3o, na fronteira ga\u00facha com o Uruguai, para a recep\u00e7\u00e3o do medicamento, desembara\u00e7o alfandeg\u00e1rio e redistribui\u00e7\u00e3o&nbsp;at\u00e9 a cidade de Santa Rita, na regi\u00e3o metropolitana de Porto Alegre, e Florian\u00f3polis. Os medicamentos precisaram ser transportados a temperaturas de 2 a 8 graus Celsius.<\/p>\n\n\n\n<p class=\"wp-block-paragraph\"><a href=\"https:\/\/susanalitico.saude.gov.br\/extensions\/covid-19_html\/covid-19_html.html\" target=\"_blank\" rel=\"noreferrer noopener\">Estat\u00edsticas do Minist\u00e9rio da Sa\u00fade<\/a>&nbsp;informam que nesse s\u00e1bado (18), no Rio Grande Sul, foram registrados 137 casos novos de covid-19 e 63 \u00f3bitos por causa da doen\u00e7a. No total, o estado acumula 46,8 mil casos de infec\u00e7\u00e3o pelo novo coronav\u00edrus e 1.229 \u00f3bitos. Em Santa Catarina, tamb\u00e9m&nbsp;ontem&nbsp;foram registrados 982 casos novos de contamina\u00e7\u00e3o e 16 mortes. No total, o estado acumula 52,5 mil casos de covid-19 e 662 mortes por causa da doen\u00e7a.<\/p>\n\n\n\n<p class=\"wp-block-paragraph\">No Uruguai, segundo o&nbsp;<a href=\"https:\/\/www.gub.uy\/sistema-nacional-emergencias\/sites\/sistema-nacional-emergencias\/files\/2020-07\/Informe%20de%20situaci%C3%B3n%20sobre%20coronavirus%20COVID-19%20en%20Uruguay%20%2818%2007%202020%29.pdf\" target=\"_blank\" rel=\"noreferrer noopener\">Minist\u00e9rio da Sa\u00fade P\u00fablica<\/a>, at\u00e9&nbsp;ontem&nbsp;foram registradas 33 mortes e 1.044 casos de covid-19.<\/p>\n\n\n\n<p class=\"wp-block-paragraph\">Para garantir o funcionamento dos&nbsp;leitos, o Minist\u00e9rio da Sa\u00fade&nbsp;j\u00e1 repassou R$ 1,5 bilh\u00e3o para estados e munic\u00edpios arcarem com os custos que envolvem o tratamento nas UTIs.<\/p>\n\n\n\n<p class=\"wp-block-paragraph\">Edi\u00e7\u00e3o: Gra\u00e7a Adjuto<\/p>\n","protected":false},"excerpt":{"rendered":"<p>O presidente Jair Bolsonaro postou, no in\u00edcio da manh\u00e3 deste&nbsp;domingo&nbsp;(19), v\u00eddeo produzido pelo Ex\u00e9rcito Brasileiro sobre a importa\u00e7\u00e3o de sedativos, analg\u00e9sicos e neurobloqueadores do Uruguai para pacientes internados em unidades de terapia&nbsp;intensiva (UTI) em hospitais do Rio Grande do Sul (RS) e de Santa Catarina (SC). A aquisi\u00e7\u00e3o foi feita na \u00faltima&nbsp;sexta-feira (16). Conforme o &hellip;<\/p>\n","protected":false},"author":3,"featured_media":55485,"comment_status":"open","ping_status":"open","sticky":false,"template":"","format":"standard","meta":{"footnotes":""},"categories":[4],"tags":[],"class_list":["post-55484","post","type-post","status-publish","format-standard","has-post-thumbnail","hentry","category-ultimas-noticias"],"_links":{"self":[{"href":"https:\/\/goiasemtempo.com.br\/home\/wp-json\/wp\/v2\/posts\/55484","targetHints":{"allow":["GET"]}}],"collection":[{"href":"https:\/\/goiasemtempo.com.br\/home\/wp-json\/wp\/v2\/posts"}],"about":[{"href":"https:\/\/goiasemtempo.com.br\/home\/wp-json\/wp\/v2\/types\/post"}],"author":[{"embeddable":true,"href":"https:\/\/goiasemtempo.com.br\/home\/wp-json\/wp\/v2\/users\/3"}],"replies":[{"embeddable":true,"href":"https:\/\/goiasemtempo.com.br\/home\/wp-json\/wp\/v2\/comments?post=55484"}],"version-history":[{"count":1,"href":"https:\/\/goiasemtempo.com.br\/home\/wp-json\/wp\/v2\/posts\/55484\/revisions"}],"predecessor-version":[{"id":55486,"href":"https:\/\/goiasemtempo.com.br\/home\/wp-json\/wp\/v2\/posts\/55484\/revisions\/55486"}],"wp:featuredmedia":[{"embeddable":true,"href":"https:\/\/goiasemtempo.com.br\/home\/wp-json\/wp\/v2\/media\/55485"}],"wp:attachment":[{"href":"https:\/\/goiasemtempo.com.br\/home\/wp-json\/wp\/v2\/media?parent=55484"}],"wp:term":[{"taxonomy":"category","embeddable":true,"href":"https:\/\/goiasemtempo.com.br\/home\/wp-json\/wp\/v2\/categories?post=55484"},{"taxonomy":"post_tag","embeddable":true,"href":"https:\/\/goiasemtempo.com.br\/home\/wp-json\/wp\/v2\/tags?post=55484"}],"curies":[{"name":"wp","href":"https:\/\/api.w.org\/{rel}","templated":true}]}}