{"id":55177,"date":"2020-07-10T19:55:43","date_gmt":"2020-07-10T19:55:43","guid":{"rendered":"http:\/\/goiasemtempo.com.br\/home\/?p=55177"},"modified":"2020-07-10T19:55:43","modified_gmt":"2020-07-10T19:55:43","slug":"governo-bolsonaro-libera-r-3-bilhoes-para-o-setor-cultural","status":"publish","type":"post","link":"https:\/\/goiasemtempo.com.br\/home\/governo-bolsonaro-libera-r-3-bilhoes-para-o-setor-cultural\/","title":{"rendered":"Governo Bolsonaro libera R$ 3 bilh\u00f5es para o setor cultural"},"content":{"rendered":"<p>O presidente\u00a0<a href=\"https:\/\/agenciabrasil.ebc.com.br\/politica\/noticia\/2020-06\/bolsonaro-sanciona-lei-de-auxilio-financeiro-para-o-setor-cultural\" target=\"_blank\" rel=\"noopener\">Jair Bolsonaro<\/a>\u00a0editou medida provis\u00f3ria (MP) que abre cr\u00e9dito extraordin\u00e1rio de R$ 3 bilh\u00f5es a estados, munic\u00edpios e ao Distrito Federal para o pagamento do aux\u00edlio financeiro ao setor cultural. A MP n\u00ba 990\/2020 foi publicada hoje (10) no\u00a0<a href=\"http:\/\/pesquisa.in.gov.br\/imprensa\/jsp\/visualiza\/index.jsp?data=10\/07\/2020&amp;jornal=515&amp;pagina=3\" target=\"_blank\" rel=\"noopener\"><em>Di\u00e1rio Oficial da Uni\u00e3o<\/em><\/a>.<img decoding=\"async\" src=\"https:\/\/agenciabrasil.ebc.com.br\/ebc.png?id=1311272&amp;o=node\" \/><\/p>\n<p>A Lei n\u00ba 14.017\/2020, que instituiu o aux\u00edlio, chamada de<a href=\"https:\/\/agenciabrasil.ebc.com.br\/geral\/noticia\/2020-05\/aldir-blanc-morre-aos-73-anos-de-covid-19-no-rio-de-janeiro\" target=\"_blank\" rel=\"noopener\">\u00a0Lei Aldir Blanc<\/a>, foi sancionada por Bolsonaro no final do m\u00eas passado.\u00a0<a href=\"https:\/\/agenciabrasil.ebc.com.br\/geral\/noticia\/2020-06\/artistas-buscam-alternativas-de-sustento-durante-pandemia\" target=\"_blank\" rel=\"noopener\">As atividades do setor<\/a>\u00a0&#8211; cinemas, museus,\u00a0<em>shows<\/em>\u00a0musicais e teatrais, entre outros &#8211; foram umas das primeiras a parar, como medida de preven\u00e7\u00e3o \u00e0 dissemina\u00e7\u00e3o do novo coronav\u00edrus no pa\u00eds.<\/p>\n<p>O texto da lei prev\u00ea o pagamento de tr\u00eas parcelas de um aux\u00edlio emergencial de R$ 600 mensais para os trabalhadores da \u00e1rea cultural, al\u00e9m de um subs\u00eddio para manuten\u00e7\u00e3o de espa\u00e7os art\u00edsticos e culturais, microempresas e pequenas empresas culturais, cooperativas e organiza\u00e7\u00f5es comunit\u00e1rias. Os estados, munic\u00edpios e o Distrito Federal ser\u00e3o os respons\u00e1veis pela distribui\u00e7\u00e3o dos recursos, de acordo com os crit\u00e9rios definidos na lei.<\/p>\n<p>De acordo com a MP publicada hoje, os recursos ser\u00e3o liberados a partir da contrata\u00e7\u00e3o de opera\u00e7\u00e3o de cr\u00e9dito interna (contratos ou emiss\u00e3o de t\u00edtulos da d\u00edvida p\u00fablica). A MP tem for\u00e7a de lei a partir de sua publica\u00e7\u00e3o, mas ainda depende de aprova\u00e7\u00e3o do Congresso Nacional.<\/p>\n","protected":false},"excerpt":{"rendered":"<p>O presidente\u00a0Jair Bolsonaro\u00a0editou medida provis\u00f3ria (MP) que abre cr\u00e9dito extraordin\u00e1rio de R$ 3 bilh\u00f5es a estados, munic\u00edpios e ao Distrito Federal para o pagamento do aux\u00edlio financeiro ao setor cultural. A MP n\u00ba 990\/2020 foi publicada hoje (10) no\u00a0Di\u00e1rio Oficial da Uni\u00e3o. A Lei n\u00ba 14.017\/2020, que instituiu o aux\u00edlio, chamada de\u00a0Lei Aldir Blanc, foi &hellip;<\/p>\n","protected":false},"author":3,"featured_media":55178,"comment_status":"open","ping_status":"open","sticky":false,"template":"","format":"standard","meta":{"_exactmetrics_skip_tracking":false,"_exactmetrics_sitenote_active":false,"_exactmetrics_sitenote_note":"","_exactmetrics_sitenote_category":0,"footnotes":""},"categories":[32],"tags":[],"_links":{"self":[{"href":"https:\/\/goiasemtempo.com.br\/home\/wp-json\/wp\/v2\/posts\/55177"}],"collection":[{"href":"https:\/\/goiasemtempo.com.br\/home\/wp-json\/wp\/v2\/posts"}],"about":[{"href":"https:\/\/goiasemtempo.com.br\/home\/wp-json\/wp\/v2\/types\/post"}],"author":[{"embeddable":true,"href":"https:\/\/goiasemtempo.com.br\/home\/wp-json\/wp\/v2\/users\/3"}],"replies":[{"embeddable":true,"href":"https:\/\/goiasemtempo.com.br\/home\/wp-json\/wp\/v2\/comments?post=55177"}],"version-history":[{"count":1,"href":"https:\/\/goiasemtempo.com.br\/home\/wp-json\/wp\/v2\/posts\/55177\/revisions"}],"predecessor-version":[{"id":55179,"href":"https:\/\/goiasemtempo.com.br\/home\/wp-json\/wp\/v2\/posts\/55177\/revisions\/55179"}],"wp:featuredmedia":[{"embeddable":true,"href":"https:\/\/goiasemtempo.com.br\/home\/wp-json\/wp\/v2\/media\/55178"}],"wp:attachment":[{"href":"https:\/\/goiasemtempo.com.br\/home\/wp-json\/wp\/v2\/media?parent=55177"}],"wp:term":[{"taxonomy":"category","embeddable":true,"href":"https:\/\/goiasemtempo.com.br\/home\/wp-json\/wp\/v2\/categories?post=55177"},{"taxonomy":"post_tag","embeddable":true,"href":"https:\/\/goiasemtempo.com.br\/home\/wp-json\/wp\/v2\/tags?post=55177"}],"curies":[{"name":"wp","href":"https:\/\/api.w.org\/{rel}","templated":true}]}}