{"id":55160,"date":"2020-07-10T02:17:40","date_gmt":"2020-07-10T02:17:40","guid":{"rendered":"http:\/\/goiasemtempo.com.br\/home\/?p=55160"},"modified":"2020-07-10T02:19:16","modified_gmt":"2020-07-10T02:19:16","slug":"goias-e-um-dos-estados-que-menos-fazem-testes-para-covid-19-no-brasil-indice-e-pifio","status":"publish","type":"post","link":"https:\/\/goiasemtempo.com.br\/home\/goias-e-um-dos-estados-que-menos-fazem-testes-para-covid-19-no-brasil-indice-e-pifio\/","title":{"rendered":"Goi\u00e1s \u00e9 um dos estados que menos fazem testes para Covid-19 no Brasil, \u00edndice \u00e9 p\u00edfio"},"content":{"rendered":"<div class=\"mc-column content-text active-extra-styles \" data-block-type=\"unstyled\" data-block-weight=\"33\" data-block-id=\"2\">\n<p class=\"content-text__container \" data-track-category=\"Link no Texto\" data-track-links=\"\">A Organiza\u00e7\u00e3o Mundial da Sa\u00fade considera que o Brasil realiza poucos testes de Covid, em rela\u00e7\u00e3o ao tamanho da popula\u00e7\u00e3o. E a subnotifica\u00e7\u00e3o de casos \u00e9 um obst\u00e1culo importante no enfrentamento da pandemia.<\/p>\n<p data-track-category=\"Link no Texto\" data-track-links=\"\">\n<\/div>\n<div class=\"wall protected-content\">\n<div class=\"mc-column content-text active-extra-styles \" data-block-type=\"unstyled\" data-block-weight=\"48\" data-block-id=\"3\">\n<p class=\"content-text__container \" data-track-category=\"Link no Texto\" data-track-links=\"\"><strong>Uma m\u00e1quina quebrada<\/strong> processava <strong>300<\/strong> amostras por dia do <strong>PCR,<\/strong> o teste molecular mais eficaz para identificar a presen\u00e7a do coronav\u00edrus. Sem o equipamento, mais de mil amostras de pacientes de <strong>Goi\u00e1s<\/strong> tiveram que ser enviadas para an\u00e1lise em <strong>S\u00e3o Paulo<\/strong>. A demora em obter o resultado preocupa.<\/p>\n<p data-track-category=\"Link no Texto\" data-track-links=\"\">\n<\/div>\n<div class=\"mc-column content-text active-extra-styles \" data-block-type=\"unstyled\" data-block-weight=\"34\" data-block-id=\"4\">\n<p class=\"content-text__container \" data-track-category=\"Link no Texto\" data-track-links=\"\">\u201cEu dava um resultado em tr\u00eas dias e agora pode demorar de sete a dez dias. Esse \u00e9 um ponto que demora\u201d, explica Fl\u00favia Amorim, <strong>superintendente de vigil\u00e2ncia em Sa\u00fade de Goi\u00e1s.<\/strong><\/p>\n<p data-track-category=\"Link no Texto\" data-track-links=\"\">\n<\/div>\n<div class=\"mc-column content-text active-extra-styles \" data-block-type=\"unstyled\" data-block-weight=\"39\" data-block-id=\"5\">\n<p class=\"content-text__container \" data-track-category=\"Link no Texto\" data-track-links=\"\">Goi\u00e1s \u00e9 um dos estados que menos testam a popula\u00e7\u00e3o. At\u00e9 de 15 junho, foram <strong>6,76 testes para cada mil habitantes<\/strong>. Muito abaixo de <strong>Rond\u00f4nia<\/strong>, o estado que faz mais exames proporcionalmente: <strong>26,97 a cada mil pessoas.<\/strong><\/p>\n<p data-track-category=\"Link no Texto\" data-track-links=\"\">\n<\/div>\n<div class=\"mc-column content-text active-extra-styles \" data-block-type=\"unstyled\" data-block-weight=\"20\" data-block-id=\"6\">\n<p class=\"content-text__container \" data-track-category=\"Link no Texto\" data-track-links=\"\">Poucos testes levam \u00e0 subnotifica\u00e7\u00e3o no n\u00famero de casos, o que atrapalha a elabora\u00e7\u00e3o de estrat\u00e9gias de combate \u00e0 doen\u00e7a.<\/p>\n<p data-track-category=\"Link no Texto\" data-track-links=\"\">\u201cAs pessoas t\u00eam a Covid-19 e n\u00e3o sabem que t\u00eam e est\u00e3o indo trabalhar, pegando transporte p\u00fablico. O ideal seria a gente fazer um rastreamento em massa nas pessoas que est\u00e3o circulando mais\u201d, destaca Erika da Silveira, doutora em Epidemiologia e Sa\u00fade P\u00fablica.<\/p>\n<\/div>\n<div class=\"mc-column content-text active-extra-styles \" data-block-type=\"unstyled\" data-block-weight=\"43\" data-block-id=\"7\">\n<p data-track-category=\"Link no Texto\" data-track-links=\"\">\n<\/div>\n<div class=\"content-ads content-ads--reveal\" data-block-type=\"ads\" data-block-id=\"8\">\n<div id=\"banner_materia2\" class=\"tag-manager-publicidade-container mc-has-reveal mc-has-ad-lazyload tag-manager-publicidade-banner_materia2 tag-manager-publicidade-container--carregado tag-manager-publicidade-container--visivel\" data-id=\"banner_materia2\" data-google-query-id=\"CKfY6bTNweoCFdIJuQYde3EF6g\" data-cid=\"138315693224\" data-lid=\"5375604631\">\n<div id=\"google_ads_iframe_\/95377733\/tvg_G1\/Jornal_Nacional_2__container__\">Em nota, a Secretaria de Sa\u00fade de Goi\u00e1s afirmou que vai ampliar a testagem, em parceria com laborat\u00f3rios privados. E que o prazo de entrega dos exames analisados em S\u00e3o Paulo vai cair de dez para quatro dias.<\/div>\n<div><\/div>\n<div>Com Ag\u00eancia de Not\u00edcias\/JN\/G1\/<\/div>\n<\/div>\n<\/div>\n<\/div>\n","protected":false},"excerpt":{"rendered":"<p>A Organiza\u00e7\u00e3o Mundial da Sa\u00fade considera que o Brasil realiza poucos testes de Covid, em rela\u00e7\u00e3o ao tamanho da popula\u00e7\u00e3o. E a subnotifica\u00e7\u00e3o de casos \u00e9 um obst\u00e1culo importante no enfrentamento da pandemia. Uma m\u00e1quina quebrada processava 300 amostras por dia do PCR, o teste molecular mais eficaz para identificar a presen\u00e7a do coronav\u00edrus. Sem &hellip;<\/p>\n","protected":false},"author":3,"featured_media":55162,"comment_status":"open","ping_status":"open","sticky":false,"template":"","format":"standard","meta":{"_exactmetrics_skip_tracking":false,"_exactmetrics_sitenote_active":false,"_exactmetrics_sitenote_note":"","_exactmetrics_sitenote_category":0,"footnotes":""},"categories":[15,19],"tags":[],"_links":{"self":[{"href":"https:\/\/goiasemtempo.com.br\/home\/wp-json\/wp\/v2\/posts\/55160"}],"collection":[{"href":"https:\/\/goiasemtempo.com.br\/home\/wp-json\/wp\/v2\/posts"}],"about":[{"href":"https:\/\/goiasemtempo.com.br\/home\/wp-json\/wp\/v2\/types\/post"}],"author":[{"embeddable":true,"href":"https:\/\/goiasemtempo.com.br\/home\/wp-json\/wp\/v2\/users\/3"}],"replies":[{"embeddable":true,"href":"https:\/\/goiasemtempo.com.br\/home\/wp-json\/wp\/v2\/comments?post=55160"}],"version-history":[{"count":3,"href":"https:\/\/goiasemtempo.com.br\/home\/wp-json\/wp\/v2\/posts\/55160\/revisions"}],"predecessor-version":[{"id":55165,"href":"https:\/\/goiasemtempo.com.br\/home\/wp-json\/wp\/v2\/posts\/55160\/revisions\/55165"}],"wp:featuredmedia":[{"embeddable":true,"href":"https:\/\/goiasemtempo.com.br\/home\/wp-json\/wp\/v2\/media\/55162"}],"wp:attachment":[{"href":"https:\/\/goiasemtempo.com.br\/home\/wp-json\/wp\/v2\/media?parent=55160"}],"wp:term":[{"taxonomy":"category","embeddable":true,"href":"https:\/\/goiasemtempo.com.br\/home\/wp-json\/wp\/v2\/categories?post=55160"},{"taxonomy":"post_tag","embeddable":true,"href":"https:\/\/goiasemtempo.com.br\/home\/wp-json\/wp\/v2\/tags?post=55160"}],"curies":[{"name":"wp","href":"https:\/\/api.w.org\/{rel}","templated":true}]}}