{"id":55003,"date":"2020-07-06T14:01:59","date_gmt":"2020-07-06T14:01:59","guid":{"rendered":"http:\/\/goiasemtempo.com.br\/home\/?p=55003"},"modified":"2020-07-06T19:19:29","modified_gmt":"2020-07-06T19:19:29","slug":"vereador-daniel-ganha-forca-pra-disputa-da-prefeitura-de-goianapolis","status":"publish","type":"post","link":"https:\/\/goiasemtempo.com.br\/home\/vereador-daniel-ganha-forca-pra-disputa-da-prefeitura-de-goianapolis\/","title":{"rendered":"Vereador Daniel ganha for\u00e7a para a disputa da prefeitura de Goian\u00e1polis"},"content":{"rendered":"<p>O Vereador Daniel Eduardo(Presidente PSC de Goian\u00e1polis) est\u00e1 crescendo nos bastidores das articula\u00e7\u00f5es pol\u00edticas do munic\u00edpio de Goian\u00e1polis.<\/p>\n<p>Empres\u00e1rio propriet\u00e1rio de duas empresas que geram renda para os cofres municipais, e natural da cidade. O vereador com dois mandatos \u00e9 um grande destaque, foi respons\u00e1vel por levar v\u00e1rios recursos e benef\u00edcios pra cidade, incluindo mais de 600 Mil reais em emendas que beneficiaram a sa\u00fade, educa\u00e7\u00e3o e tamb\u00e9m infraestrutura.<\/p>\n<p>Daniel t\u00eam a simpatia do povo por sua hist\u00f3ria de luta e supera\u00e7\u00e3o, passou grandes desafios, mas superou e hoje \u00e9 um exemplo na pol\u00edtica e nos neg\u00f3cios.<\/p>\n<p>O Vereador chegou at\u00e9 mesmo a financiar um ponto de \u00f4nibus com recurso do pr\u00f3prio para n\u00e3o ter que aguardar a demora de recursos p\u00fablicos. Daniel \u00e9 um dos favoritos a vaga de novo prefeito: Questionado se existe a possibilidade de ser candidato a reelei\u00e7\u00e3o como vereador,Daniel disse que,&#8221;J\u00e1 entreguei minha parcela de contribui\u00e7\u00e3o no legislativo a essa cidade onde nasci e nunca pensei em abandonar, n\u00e3o serei candidato a reelei\u00e7\u00e3o como vereador e nem tenho obsess\u00e3o em ser prefeito. Mas surgindo a oportunidade eu quero deixar minha contribui\u00e7\u00e3o tamb\u00e9m no executivo&#8221;,finalizou.<\/p>\n<p>Da Reda\u00e7\u00e3o\/<\/p>\n","protected":false},"excerpt":{"rendered":"<p>O Vereador Daniel Eduardo(Presidente PSC de Goian\u00e1polis) est\u00e1 crescendo nos bastidores das articula\u00e7\u00f5es pol\u00edticas do munic\u00edpio de Goian\u00e1polis. Empres\u00e1rio propriet\u00e1rio de duas empresas que geram renda para os cofres municipais, e natural da cidade. O vereador com dois mandatos \u00e9 um grande destaque, foi respons\u00e1vel por levar v\u00e1rios recursos e benef\u00edcios pra cidade, incluindo mais &hellip;<\/p>\n","protected":false},"author":3,"featured_media":55006,"comment_status":"open","ping_status":"open","sticky":false,"template":"","format":"standard","meta":{"_exactmetrics_skip_tracking":false,"_exactmetrics_sitenote_active":false,"_exactmetrics_sitenote_note":"","_exactmetrics_sitenote_category":0,"footnotes":""},"categories":[7],"tags":[],"_links":{"self":[{"href":"https:\/\/goiasemtempo.com.br\/home\/wp-json\/wp\/v2\/posts\/55003"}],"collection":[{"href":"https:\/\/goiasemtempo.com.br\/home\/wp-json\/wp\/v2\/posts"}],"about":[{"href":"https:\/\/goiasemtempo.com.br\/home\/wp-json\/wp\/v2\/types\/post"}],"author":[{"embeddable":true,"href":"https:\/\/goiasemtempo.com.br\/home\/wp-json\/wp\/v2\/users\/3"}],"replies":[{"embeddable":true,"href":"https:\/\/goiasemtempo.com.br\/home\/wp-json\/wp\/v2\/comments?post=55003"}],"version-history":[{"count":2,"href":"https:\/\/goiasemtempo.com.br\/home\/wp-json\/wp\/v2\/posts\/55003\/revisions"}],"predecessor-version":[{"id":55012,"href":"https:\/\/goiasemtempo.com.br\/home\/wp-json\/wp\/v2\/posts\/55003\/revisions\/55012"}],"wp:featuredmedia":[{"embeddable":true,"href":"https:\/\/goiasemtempo.com.br\/home\/wp-json\/wp\/v2\/media\/55006"}],"wp:attachment":[{"href":"https:\/\/goiasemtempo.com.br\/home\/wp-json\/wp\/v2\/media?parent=55003"}],"wp:term":[{"taxonomy":"category","embeddable":true,"href":"https:\/\/goiasemtempo.com.br\/home\/wp-json\/wp\/v2\/categories?post=55003"},{"taxonomy":"post_tag","embeddable":true,"href":"https:\/\/goiasemtempo.com.br\/home\/wp-json\/wp\/v2\/tags?post=55003"}],"curies":[{"name":"wp","href":"https:\/\/api.w.org\/{rel}","templated":true}]}}