{"id":54997,"date":"2020-07-06T13:44:36","date_gmt":"2020-07-06T13:44:36","guid":{"rendered":"http:\/\/goiasemtempo.com.br\/home\/?p=54997"},"modified":"2020-07-06T13:48:02","modified_gmt":"2020-07-06T13:48:02","slug":"governo-caiado-nao-dialoga-diz-talles-barreto-sobre-isolamento-do-covid-em-goias","status":"publish","type":"post","link":"https:\/\/goiasemtempo.com.br\/home\/governo-caiado-nao-dialoga-diz-talles-barreto-sobre-isolamento-do-covid-em-goias\/","title":{"rendered":"\u201cGoverno n\u00e3o dialoga\u201d, diz Talles Barreto sobre Caiado no isolamento do Covid em Goi\u00e1s"},"content":{"rendered":"<p>O deputado estadual\u00a0<strong>Talles Barreto<\/strong>\u00a0(PSDB) afirma que a administra\u00e7\u00e3o do governador Ronaldo Caiado (DEM) peca ao impor medidas de restri\u00e7\u00e3o \u00e0 circula\u00e7\u00e3o de pessoas em tempos de pandemia sem ouvir a sociedade.<span class=\"Apple-converted-space\">\u00a0<\/span><\/p>\n<p>\u201cInfelizmente temos um governo que\u00a0<strong>n\u00e3o abre di\u00e1logo<\/strong>\u00a0com os segmentos envolvidos. Enquanto um \u00e9 autorit\u00e1rio, o outro n\u00e3o aparece [em refer\u00eancia a Caiado e ao prefeito Iris Rezende]\u201d, afirma Talles.<span class=\"Apple-converted-space\">\u00a0<\/span><\/p>\n<p>\u201cO gestor p\u00fablico tem que estar mais pr\u00f3ximo da popula\u00e7\u00e3o. Tem que estar presente, discutir os problemas e ouvir a sociedade. Porque isso de \u2018eu mando, eu fa\u00e7o\u2019 n\u00e3o existe. Com arrog\u00e2ncia e prepot\u00eancia n\u00e3o se chega a lugar nenhum\u201d, completa.<\/p>\n<div class=\"m-banner-wrap m-publicity-content-middle\">\n<div id=\"div-gpt-ad-quadrado-3\" data-google-query-id=\"CNCD-6XguOoCFQwDuQYd0UAC7Q\">\n<div id=\"google_ads_iframe_\/176290677\/quadrado-3_0__container__\">Talles \u00e9 o pr\u00e9-candidato do PSDB a prefeito de Goi\u00e2nia. Por n\u00e3o ser conhecido pela maioria do eleitorado, o parlamentar v\u00ea com bons olhos o adiamento da elei\u00e7\u00e3o para 15 de novembro.<span class=\"Apple-converted-space\">\u00a0<\/span><\/div>\n<\/div>\n<\/div>\n<p>\u201cQuando as pessoas ouvirem nossas propostas com o que pode melhorar e ser feito por Goi\u00e2nia, ter\u00e3o em n\u00f3s uma expectativa de mudan\u00e7a e renova\u00e7\u00e3o\u201d, afirma. \u201cVoc\u00ea tem que olhar bem em quem vai votar tanto no \u00e2mbito municipal, estadual e federal. Saber escolher quem vai nos representar, n\u00e3o escolher a partir do santinho que est\u00e1 no ch\u00e3o no dia da vota\u00e7\u00e3o\u201d.<\/p>\n<div class=\"m-banner-wrap m-publicity-content-middle\">\n<div id=\"div-gpt-ad-quadrado-4\" data-google-query-id=\"CLr86KXguOoCFSIEuQYdsHYDgA\">\n<div id=\"google_ads_iframe_\/176290677\/quadrado-4_0__container__\"><\/div>\n<\/div>\n<\/div>\n","protected":false},"excerpt":{"rendered":"<p>O deputado estadual\u00a0Talles Barreto\u00a0(PSDB) afirma que a administra\u00e7\u00e3o do governador Ronaldo Caiado (DEM) peca ao impor medidas de restri\u00e7\u00e3o \u00e0 circula\u00e7\u00e3o de pessoas em tempos de pandemia sem ouvir a sociedade.\u00a0 \u201cInfelizmente temos um governo que\u00a0n\u00e3o abre di\u00e1logo\u00a0com os segmentos envolvidos. Enquanto um \u00e9 autorit\u00e1rio, o outro n\u00e3o aparece [em refer\u00eancia a Caiado e ao &hellip;<\/p>\n","protected":false},"author":3,"featured_media":54998,"comment_status":"open","ping_status":"open","sticky":false,"template":"","format":"standard","meta":{"footnotes":""},"categories":[19],"tags":[],"class_list":["post-54997","post","type-post","status-publish","format-standard","has-post-thumbnail","hentry","category-manchete"],"_links":{"self":[{"href":"https:\/\/goiasemtempo.com.br\/home\/wp-json\/wp\/v2\/posts\/54997","targetHints":{"allow":["GET"]}}],"collection":[{"href":"https:\/\/goiasemtempo.com.br\/home\/wp-json\/wp\/v2\/posts"}],"about":[{"href":"https:\/\/goiasemtempo.com.br\/home\/wp-json\/wp\/v2\/types\/post"}],"author":[{"embeddable":true,"href":"https:\/\/goiasemtempo.com.br\/home\/wp-json\/wp\/v2\/users\/3"}],"replies":[{"embeddable":true,"href":"https:\/\/goiasemtempo.com.br\/home\/wp-json\/wp\/v2\/comments?post=54997"}],"version-history":[{"count":4,"href":"https:\/\/goiasemtempo.com.br\/home\/wp-json\/wp\/v2\/posts\/54997\/revisions"}],"predecessor-version":[{"id":55002,"href":"https:\/\/goiasemtempo.com.br\/home\/wp-json\/wp\/v2\/posts\/54997\/revisions\/55002"}],"wp:featuredmedia":[{"embeddable":true,"href":"https:\/\/goiasemtempo.com.br\/home\/wp-json\/wp\/v2\/media\/54998"}],"wp:attachment":[{"href":"https:\/\/goiasemtempo.com.br\/home\/wp-json\/wp\/v2\/media?parent=54997"}],"wp:term":[{"taxonomy":"category","embeddable":true,"href":"https:\/\/goiasemtempo.com.br\/home\/wp-json\/wp\/v2\/categories?post=54997"},{"taxonomy":"post_tag","embeddable":true,"href":"https:\/\/goiasemtempo.com.br\/home\/wp-json\/wp\/v2\/tags?post=54997"}],"curies":[{"name":"wp","href":"https:\/\/api.w.org\/{rel}","templated":true}]}}