{"id":54932,"date":"2020-07-03T19:42:03","date_gmt":"2020-07-03T19:42:03","guid":{"rendered":"http:\/\/goiasemtempo.com.br\/home\/?p=54932"},"modified":"2020-07-03T19:43:06","modified_gmt":"2020-07-03T19:43:06","slug":"entidades-de-goiania-vao-recorrer-de-decisao-que-proibiu-abertura-do-comercio-novamente","status":"publish","type":"post","link":"https:\/\/goiasemtempo.com.br\/home\/entidades-de-goiania-vao-recorrer-de-decisao-que-proibiu-abertura-do-comercio-novamente\/","title":{"rendered":"Entidades de Goi\u00e2nia v\u00e3o recorrer de decis\u00e3o que proibiu abertura do com\u00e9rcio novamente"},"content":{"rendered":"<p>A\u00a0<a href=\"https:\/\/www.fecomerciogo.org.br\/\" target=\"_blank\" rel=\"noopener noreferrer\"><strong>Federa\u00e7\u00e3o do Com\u00e9rcio de Goi\u00e1s<\/strong>\u00a0<\/a>(Fecom\u00e9rcio) e o Sindicato do Com\u00e9rcio Varejista (Sindilojas) informaram, na manh\u00e3 desta sexta-feira (3), que v\u00e3o recorrer da decis\u00e3o que proibiu a abertura do com\u00e9rcio em Goi\u00e2nia. Na quinta-feira (2), as entidades conseguiram\u00a0<a href=\"https:\/\/www.emaisgoias.com.br\/justica-derruba-rodizio-do-comercio-em-goiania-varejo-pode-abrir-as-portas\/\" target=\"_blank\" rel=\"noopener noreferrer\"><strong>liminar<\/strong>\u00a0<\/a>que autorizava o funcionamento de estabelecimentos comerciais como shoppins, galerias, camel\u00f3dromos e lojas da 44. A decis\u00e3o, por\u00e9m,\u00a0<a href=\"https:\/\/www.emaisgoias.com.br\/decisao-derruba-liminar-e-comercio-em-goiania-volta-a-fechar\/\" target=\"_blank\" rel=\"noopener noreferrer\"><strong>foi derrubada na madrugada de hoje<\/strong><\/a>\u00a0pelo presidente do Tribunal de Justi\u00e7a, Walter Carlos Lemes, a pedido do\u00a0<strong>Minist\u00e9rio P\u00fablico<\/strong>\u00a0(MP).<\/p>\n<p>Em v\u00eddeo divulgado nas redes sociais, o presidente da Fecom\u00e9rcio, Marcelo Baiocchi, disse que os comerciantes foram pegos de surpresa com a suspens\u00e3o da liminar, mas que a entidade vai recorrer e demonstrar que o com\u00e9rcio n\u00e3o \u00e9 o respons\u00e1vel pelo alastramento do\u00a0<strong>coronav\u00edrus<\/strong>.<\/p>\n<p>Na opini\u00e3o de Baiocchi, decis\u00f5es como esta, do desembargador Walter Carlos Lemes, \u201ccassam o direito de trabalhar\u201d. Ele afirma ainda que, a persistir esse cen\u00e1rio, os empres\u00e1rios n\u00e3o ter\u00e3o outra op\u00e7\u00e3o a n\u00e3o ser\u00a0<strong>demitir funcion\u00e1rios<\/strong>. \u201cTeremos que demitir porque n\u00e3o teremos recurso para pagar sal\u00e1rio. N\u00e3o teremos recurso para pagar o aluguel, a luz, a \u00e1gua e o IPTU para a prefeitura. Infelizmente, essa situa\u00e7\u00e3o de instabilidade coloca as pessoas cada vez mais no limbo do desemprego\u201d, diz.<\/p>\n<div class=\"m-banner-wrap m-publicity-content-middle\">\n<div id=\"div-gpt-ad-quadrado-3\" data-google-query-id=\"CJvYm93qseoCFbkyuQYdgqcGEQ\">\n<div id=\"google_ads_iframe_\/176290677\/quadrado-3_0__container__\">Baiocchi afirma que com\u00e9rcio est\u00e1 sendo penalizado por algo que n\u00e3o causou. \u201cA situa\u00e7\u00e3o de contamina\u00e7\u00e3o da pandemia n\u00e3o \u00e9 provocada pelo com\u00e9rcio, que at\u00e9 hoje praticamente n\u00e3o funcionou\u201d.<\/div>\n<\/div>\n<\/div>\n<div class=\"wp-video\"><\/div>\n<div>Com Ag\u00eancia de Not\u00edcias<\/div>\n<div class=\"mejs-mediaelement\"><\/div>\n<div class=\"wp-video\">\n<div id=\"mep_0\" class=\"mejs-container mejs-container-keyboard-inactive wp-video-shortcode mejs-video\" tabindex=\"0\" role=\"application\" aria-label=\"Tocador de v\u00eddeo\">\n<div class=\"mejs-inner\">\n<div class=\"mejs-layers\">\n<div class=\"mejs-overlay mejs-layer mejs-overlay-play\"><\/div>\n<\/div>\n<\/div>\n<\/div>\n<\/div>\n","protected":false},"excerpt":{"rendered":"<p>A\u00a0Federa\u00e7\u00e3o do Com\u00e9rcio de Goi\u00e1s\u00a0(Fecom\u00e9rcio) e o Sindicato do Com\u00e9rcio Varejista (Sindilojas) informaram, na manh\u00e3 desta sexta-feira (3), que v\u00e3o recorrer da decis\u00e3o que proibiu a abertura do com\u00e9rcio em Goi\u00e2nia. Na quinta-feira (2), as entidades conseguiram\u00a0liminar\u00a0que autorizava o funcionamento de estabelecimentos comerciais como shoppins, galerias, camel\u00f3dromos e lojas da 44. A decis\u00e3o, por\u00e9m,\u00a0foi derrubada &hellip;<\/p>\n","protected":false},"author":3,"featured_media":54933,"comment_status":"open","ping_status":"open","sticky":false,"template":"","format":"standard","meta":{"_exactmetrics_skip_tracking":false,"_exactmetrics_sitenote_active":false,"_exactmetrics_sitenote_note":"","_exactmetrics_sitenote_category":0,"footnotes":""},"categories":[7],"tags":[],"_links":{"self":[{"href":"https:\/\/goiasemtempo.com.br\/home\/wp-json\/wp\/v2\/posts\/54932"}],"collection":[{"href":"https:\/\/goiasemtempo.com.br\/home\/wp-json\/wp\/v2\/posts"}],"about":[{"href":"https:\/\/goiasemtempo.com.br\/home\/wp-json\/wp\/v2\/types\/post"}],"author":[{"embeddable":true,"href":"https:\/\/goiasemtempo.com.br\/home\/wp-json\/wp\/v2\/users\/3"}],"replies":[{"embeddable":true,"href":"https:\/\/goiasemtempo.com.br\/home\/wp-json\/wp\/v2\/comments?post=54932"}],"version-history":[{"count":2,"href":"https:\/\/goiasemtempo.com.br\/home\/wp-json\/wp\/v2\/posts\/54932\/revisions"}],"predecessor-version":[{"id":54935,"href":"https:\/\/goiasemtempo.com.br\/home\/wp-json\/wp\/v2\/posts\/54932\/revisions\/54935"}],"wp:featuredmedia":[{"embeddable":true,"href":"https:\/\/goiasemtempo.com.br\/home\/wp-json\/wp\/v2\/media\/54933"}],"wp:attachment":[{"href":"https:\/\/goiasemtempo.com.br\/home\/wp-json\/wp\/v2\/media?parent=54932"}],"wp:term":[{"taxonomy":"category","embeddable":true,"href":"https:\/\/goiasemtempo.com.br\/home\/wp-json\/wp\/v2\/categories?post=54932"},{"taxonomy":"post_tag","embeddable":true,"href":"https:\/\/goiasemtempo.com.br\/home\/wp-json\/wp\/v2\/tags?post=54932"}],"curies":[{"name":"wp","href":"https:\/\/api.w.org\/{rel}","templated":true}]}}