{"id":54812,"date":"2020-06-29T21:23:24","date_gmt":"2020-06-29T21:23:24","guid":{"rendered":"http:\/\/goiasemtempo.com.br\/home\/?p=54812"},"modified":"2020-06-29T21:24:08","modified_gmt":"2020-06-29T21:24:08","slug":"consumidores-mantem-intencao-de-comprar-veiculos-mesmo-com-a-crise","status":"publish","type":"post","link":"https:\/\/goiasemtempo.com.br\/home\/consumidores-mantem-intencao-de-comprar-veiculos-mesmo-com-a-crise\/","title":{"rendered":"Consumidores mant\u00eam inten\u00e7\u00e3o de comprar ve\u00edculos mesmo com a crise"},"content":{"rendered":"<div class=\"post-item-wrap\">\n<p>A maior parte das pessoas que pretendia comprar autom\u00f3veis neste ano manteve o plano de aquisi\u00e7\u00e3o, apesar da pandemia de coronav\u00edrus. Segundo uma pesquisa feita pela Associa\u00e7\u00e3o Nacional dos Fabricantes de Ve\u00edculos Automotores (Anfavea) em parceria com a Webmotors, plataforma de negocia\u00e7\u00e3o de ve\u00edculos, 89% dos consumidores que tinham a inten\u00e7\u00e3o de comprar um ve\u00edculo em 2020 n\u00e3o desistiu, mesmo com as dificuldades trazidas pela crise.<img decoding=\"async\" src=\"https:\/\/agenciabrasil.ebc.com.br\/ebc.png?id=1310518&amp;o=node\" \/><\/p>\n<p>O levantamento foi feito a partir dos que acessam a plataforma Webmotors, que tem 12 milh\u00f5es de usu\u00e1rios \u00fanicos por m\u00eas. A amostra \u00e9 de 1,6 mil desses usu\u00e1rios, a maioria homens (92%), com maior representa\u00e7\u00e3o no Sudeste (65%), al\u00e9m de uma participa\u00e7\u00e3o expressiva da Regi\u00e3o Sul (16%).<\/p>\n<h2>Incertezas<\/h2>\n<p>Entre os que n\u00e3o v\u00e3o mais comprar ve\u00edculos, a incerteza financeira foi o principal fator que levou \u00e0 decis\u00e3o (57%). Tamb\u00e9m pesaram as condi\u00e7\u00f5es de pagamento, para 34%, e o fato de o poss\u00edvel comprador conseguir vender o ve\u00edculo que possui atualmente (18%).<\/p>\n<p>J\u00e1 entre os que ainda planejam comprar, 68% v\u00e3o optar por um ve\u00edculo usado, 16% querem um novo e 16% est\u00e3o em d\u00favida entre um novo e um de\u00a0segunda\u00a0m\u00e3o.<\/p>\n<h2>Evitar o transporte p\u00fablico<\/h2>\n<p>A prote\u00e7\u00e3o individual durante a pandemia aparece como um dos poss\u00edveis fatores que podem impulsionar as vendas de carros. Entre os entrevistados que pretendem comprar um carro, 66% disseram querer evitar o transporte p\u00fablico depois do fim da quarentena. \u201cPor um lado, \u00e9 uma oportunidade para o transporte individual, como est\u00e1 acontecendo na China. Mas o Brasil tem alguns problemas\u201d, enfatiza o presidente da Anfavea, Luiz Carlos Moraes.<\/p>\n<p>\u201cNem todos, por uma quest\u00e3o econ\u00f4mica v\u00e3o poder comprar um carro. E mesmo que pudessem, o sistema vi\u00e1rio n\u00e3o suportaria essa demanda\u201d, destaca.<\/p>\n<p>Entre os que ainda pretendem comprar, 27% v\u00e3o adiar a aquisi\u00e7\u00e3o para os pr\u00f3ximos seis meses. No entanto, alguns benef\u00edcios poderiam, segundo o estudo, fazer com que esses consumidores antecipassem o neg\u00f3cio. A maior raz\u00e3o para essa posterga\u00e7\u00e3o \u00e9 tamb\u00e9m a incerteza em rela\u00e7\u00e3o \u00e0 economia e ao emprego, mencionada por 45%. Pouco mais de um\u00a0ter\u00e7o (37%) disse que precisa ver o ve\u00edculo antes da compra e 33% quer melhores condi\u00e7\u00f5es de pagamento.<\/p>\n<p>Nesse grupo, 46% disse que seriam estimulados se o carro usado que possuem fosse mais valorizado na pr\u00f3xima aquisi\u00e7\u00e3o, 42% gostariam de uma redu\u00e7\u00e3o nos impostos e 39%, juros menores. \u201cA pesquisa confirmou que as pessoas est\u00e3o preocupadas com o desemprego, com as condi\u00e7\u00f5es. A gente s\u00f3 conseguiria atrair essas pessoas se conseguisse ofertar algum benef\u00edcio para a popula\u00e7\u00e3o\u201d, analisou Moraes.<\/p>\n<h2>Vendas em queda<\/h2>\n<p>Em junho, as vendas de ve\u00edculos ficaram em cerca de metade da m\u00e9dia antes da pandemia, segundo o presidente da Anfavea. Em maio, as vendas de ve\u00edculos tinham registrado queda de 74,7% em rela\u00e7\u00e3o ao mesmo m\u00eas de 2019, com a comercializa\u00e7\u00e3o de 62,2 mil unidades.<\/p>\n<p>Para este ano, a estimativa da Anfavea \u00e9 de uma retra\u00e7\u00e3o de aproximadamente 40% no mercado. \u201c\u00c9 muito dif\u00edcil falar quando vai voltar ao patamar normal\u201d, enfatizou Moraes.<\/p>\n<p>Se a previs\u00e3o da entidade se confirmar, devem ser vendidos em 2020, 1,67 milh\u00e3o de unidades, contra 2,78 milh\u00f5es vendidas ao longo do ano passado. O n\u00famero seria equivalente ao comercializado no ano de 2004.<\/p>\n<\/div>\n<p class=\"alt-font font-italic my-2 small text-info\">Edi\u00e7\u00e3o: L\u00edlian Beraldo<\/p>\n","protected":false},"excerpt":{"rendered":"<p>A maior parte das pessoas que pretendia comprar autom\u00f3veis neste ano manteve o plano de aquisi\u00e7\u00e3o, apesar da pandemia de coronav\u00edrus. Segundo uma pesquisa feita pela Associa\u00e7\u00e3o Nacional dos Fabricantes de Ve\u00edculos Automotores (Anfavea) em parceria com a Webmotors, plataforma de negocia\u00e7\u00e3o de ve\u00edculos, 89% dos consumidores que tinham a inten\u00e7\u00e3o de comprar um ve\u00edculo &hellip;<\/p>\n","protected":false},"author":3,"featured_media":54814,"comment_status":"open","ping_status":"open","sticky":false,"template":"","format":"standard","meta":{"footnotes":""},"categories":[4],"tags":[],"class_list":["post-54812","post","type-post","status-publish","format-standard","has-post-thumbnail","hentry","category-ultimas-noticias"],"_links":{"self":[{"href":"https:\/\/goiasemtempo.com.br\/home\/wp-json\/wp\/v2\/posts\/54812","targetHints":{"allow":["GET"]}}],"collection":[{"href":"https:\/\/goiasemtempo.com.br\/home\/wp-json\/wp\/v2\/posts"}],"about":[{"href":"https:\/\/goiasemtempo.com.br\/home\/wp-json\/wp\/v2\/types\/post"}],"author":[{"embeddable":true,"href":"https:\/\/goiasemtempo.com.br\/home\/wp-json\/wp\/v2\/users\/3"}],"replies":[{"embeddable":true,"href":"https:\/\/goiasemtempo.com.br\/home\/wp-json\/wp\/v2\/comments?post=54812"}],"version-history":[{"count":1,"href":"https:\/\/goiasemtempo.com.br\/home\/wp-json\/wp\/v2\/posts\/54812\/revisions"}],"predecessor-version":[{"id":54813,"href":"https:\/\/goiasemtempo.com.br\/home\/wp-json\/wp\/v2\/posts\/54812\/revisions\/54813"}],"wp:featuredmedia":[{"embeddable":true,"href":"https:\/\/goiasemtempo.com.br\/home\/wp-json\/wp\/v2\/media\/54814"}],"wp:attachment":[{"href":"https:\/\/goiasemtempo.com.br\/home\/wp-json\/wp\/v2\/media?parent=54812"}],"wp:term":[{"taxonomy":"category","embeddable":true,"href":"https:\/\/goiasemtempo.com.br\/home\/wp-json\/wp\/v2\/categories?post=54812"},{"taxonomy":"post_tag","embeddable":true,"href":"https:\/\/goiasemtempo.com.br\/home\/wp-json\/wp\/v2\/tags?post=54812"}],"curies":[{"name":"wp","href":"https:\/\/api.w.org\/{rel}","templated":true}]}}