{"id":5464,"date":"2017-12-25T01:49:24","date_gmt":"2017-12-25T01:49:24","guid":{"rendered":"http:\/\/goiasemtempo.com.br\/home\/?p=5464"},"modified":"2017-12-25T01:49:24","modified_gmt":"2017-12-25T01:49:24","slug":"decisao-de-trump-sobre-jerusalem-um-coquetel-potencialmente-explosivo","status":"publish","type":"post","link":"https:\/\/goiasemtempo.com.br\/home\/decisao-de-trump-sobre-jerusalem-um-coquetel-potencialmente-explosivo\/","title":{"rendered":"Decis\u00e3o de Trump sobre Jerusal\u00e9m, um coquetel potencialmente explosivo"},"content":{"rendered":"<p>A decis\u00e3o do presidente americano, Donald Trump, de reconhecer Jerusal\u00e9m como capital de Israel n\u00e3o ter\u00e1 consequ\u00eancias diplom\u00e1ticas em curto prazo, mas poder\u00e1 provocar uma nova onda de viol\u00eancia na regi\u00e3o e al\u00e9m dela, alertam especialistas.<\/p>\n<p>Da Ar\u00e1bia Saudita ao Ir\u00e3, passando por Turquia e Uni\u00e3o Europeia, muitos pa\u00edses e institui\u00e7\u00f5es protestaram nas \u00faltimas horas por conta da decis\u00e3o, dependendo das rela\u00e7\u00f5es diplom\u00e1ticas de cada um deles com Washington.<\/p>\n<p>Todas as rea\u00e7\u00f5es t\u00eam em comum a preocupa\u00e7\u00e3o de um golpe fatal ao processo de paz, que j\u00e1 est\u00e1 agonizando, entre israelenses e palestinos, ao que se soma o risco de uma rea\u00e7\u00e3o em cadeia a n\u00edvel local e inclusive regional.<\/p>\n<p>H\u00e1 muita raiva entre os palestinos, no mundo \u00e1rabe e na Turquia, e muitas amea\u00e7as, diz Yosi Alpher, conselheiro de Ehud Barak, o primeiro-ministro israelense nas negocia\u00e7\u00f5es de Camp David. De todas as maneiras haver\u00e1 confrontos, assegura.<\/p>\n<p>Donald Trump pareceu tentar apaziguar as tens\u00f5es quando disse que reconhecer Jerusal\u00e9m como capital &#8211; uma cidade santa para judeus, crist\u00e3os e mu\u00e7ulmanos &#8211; n\u00e3o significa obrigatoriamente tomar uma posi\u00e7\u00e3o sobre essa quest\u00e3o delicada, fundamental no processo de paz.<\/p>\n<p>A potente mil\u00edcia iraquiana Nujaba, favor\u00e1vel ao Ir\u00e3, disse que \u00e9 leg\u00edtimo atacar as for\u00e7as americanas no Iraque. E Al Akhbar, um peri\u00f3dico considerado pr\u00f3ximo ao Hezbollah liban\u00eas, publicou uma foto com uma bandeira americana em chamas e com o texto Morte \u00e0 Am\u00e9rica!.<\/p>\n<p>O movimento islamita palestino Hamas considerou, por sua vez, que Trump abre as portas do inferno para os interesses americanos na regi\u00e3o.<\/p>\n<p>Em Jerusal\u00e9m fica a Esplanada das Mesquitas, um s\u00edmbolo nacional e religioso para os palestinos e terceiro local santo do Isl\u00e3.<\/p>\n<p>A Esplanada, cuja gest\u00e3o est\u00e1 nas m\u00e3os da Jord\u00e2nia, tamb\u00e9m \u00e9 um local sagrado para os judeus, que o chamam de Monte do Templo, mas onde n\u00e3o t\u00eam direito de rezar. Entretanto, Israel controla os acessos ao espa\u00e7o, situado no cora\u00e7\u00e3o de Jerusal\u00e9m.<\/p>\n<p>A decis\u00e3o de Trump \u00e9 uma declara\u00e7\u00e3o de guerra contra o povo palestino e os lugares sagrados mu\u00e7ulmanos e crist\u00e3os de Jerusal\u00e9m, denunciou Ismail Haniyeh, chefe do Hamas, pedindo uma nova Intifada, um levantamento popular palestino.<\/p>\n<p>No entanto, o analista palestino Ghasan Jatib considera improv\u00e1vel uma nova intifada.<\/p>\n<p>Acredito que haver\u00e1 uma onda de protestos populares. N\u00e3o sei durante quanto tempo, depende de v\u00e1rios fatores, incluindo a rea\u00e7\u00e3o de Israel, indica.<\/p>\n<p>A onda de viol\u00eancia que come\u00e7ou em outubro de 2015 diminuiu consideravelmente, embora ainda ocorram ataques espor\u00e1dicos de palestinos isolados, muitas vezes armados com facas.<\/p>\n<p>Em julho, as tens\u00f5es na Esplanada das Mesquitas duraram duas semanas.<\/p>\n<p>Israel j\u00e1 disse que est\u00e1 preparado para responder a uma poss\u00edvel onda de viol\u00eancia. Jerusal\u00e9m e Israel est\u00e3o em uma regi\u00e3o sens\u00edvel em uma \u00e9poca sens\u00edvel. Estamos preparados para qualquer eventualidade, disse o ministro da Defesa, Avigdor Lieberman.<\/p>\n<p>Assim como outros dirigentes, Naser Qudwa, respons\u00e1vel do Fatah, principal partido palestino, pediu novos protestos. Faremos todo o poss\u00edvel para que a rea\u00e7\u00e3o seja pac\u00edfica, n\u00e3o armada, ainda que ao fim ningu\u00e9m possa comprovar o que cada indiv\u00edduo faz nas ruas.<\/p>\n","protected":false},"excerpt":{"rendered":"<p>A decis\u00e3o do presidente americano, Donald Trump, de reconhecer Jerusal\u00e9m como capital de Israel n\u00e3o ter\u00e1 consequ\u00eancias diplom\u00e1ticas em curto prazo, mas poder\u00e1 provocar uma nova onda de viol\u00eancia na regi\u00e3o e al\u00e9m dela, alertam especialistas. Da Ar\u00e1bia Saudita ao Ir\u00e3, passando por Turquia e Uni\u00e3o Europeia, muitos pa\u00edses e institui\u00e7\u00f5es protestaram nas \u00faltimas horas &hellip;<\/p>\n","protected":false},"author":2,"featured_media":2459,"comment_status":"open","ping_status":"open","sticky":false,"template":"","format":"standard","meta":{"_exactmetrics_skip_tracking":false,"_exactmetrics_sitenote_active":false,"_exactmetrics_sitenote_note":"","_exactmetrics_sitenote_category":0,"footnotes":""},"categories":[4],"tags":[],"_links":{"self":[{"href":"https:\/\/goiasemtempo.com.br\/home\/wp-json\/wp\/v2\/posts\/5464"}],"collection":[{"href":"https:\/\/goiasemtempo.com.br\/home\/wp-json\/wp\/v2\/posts"}],"about":[{"href":"https:\/\/goiasemtempo.com.br\/home\/wp-json\/wp\/v2\/types\/post"}],"author":[{"embeddable":true,"href":"https:\/\/goiasemtempo.com.br\/home\/wp-json\/wp\/v2\/users\/2"}],"replies":[{"embeddable":true,"href":"https:\/\/goiasemtempo.com.br\/home\/wp-json\/wp\/v2\/comments?post=5464"}],"version-history":[{"count":1,"href":"https:\/\/goiasemtempo.com.br\/home\/wp-json\/wp\/v2\/posts\/5464\/revisions"}],"predecessor-version":[{"id":5465,"href":"https:\/\/goiasemtempo.com.br\/home\/wp-json\/wp\/v2\/posts\/5464\/revisions\/5465"}],"wp:featuredmedia":[{"embeddable":true,"href":"https:\/\/goiasemtempo.com.br\/home\/wp-json\/wp\/v2\/media\/2459"}],"wp:attachment":[{"href":"https:\/\/goiasemtempo.com.br\/home\/wp-json\/wp\/v2\/media?parent=5464"}],"wp:term":[{"taxonomy":"category","embeddable":true,"href":"https:\/\/goiasemtempo.com.br\/home\/wp-json\/wp\/v2\/categories?post=5464"},{"taxonomy":"post_tag","embeddable":true,"href":"https:\/\/goiasemtempo.com.br\/home\/wp-json\/wp\/v2\/tags?post=5464"}],"curies":[{"name":"wp","href":"https:\/\/api.w.org\/{rel}","templated":true}]}}