{"id":54591,"date":"2020-06-24T17:54:59","date_gmt":"2020-06-24T17:54:59","guid":{"rendered":"http:\/\/goiasemtempo.com.br\/home\/?p=54591"},"modified":"2020-06-24T17:55:34","modified_gmt":"2020-06-24T17:55:34","slug":"uso-de-mascaras-em-goiania-e-fiscalizada-multa-e-de-r-627","status":"publish","type":"post","link":"https:\/\/goiasemtempo.com.br\/home\/uso-de-mascaras-em-goiania-e-fiscalizada-multa-e-de-r-627\/","title":{"rendered":"Uso de m\u00e1scaras em Goi\u00e2nia \u00e9 fiscalizada; multa \u00e9 de R$ 627"},"content":{"rendered":"<p>A\u00a0<strong>prefeitura de Goi\u00e2nia<\/strong>\u00a0iniciou nesta quarta-feira (24) a\u00a0<strong>fiscaliza\u00e7\u00e3o<\/strong>\u00a0sobre o uso de<strong>\u00a0m\u00e1scaras<\/strong>\u00a0em locais p\u00fablicos\u00a0. O equipamento de prote\u00e7\u00e3o individual (EPI) passou a ser obrigat\u00f3rio na capital na \u00faltima segunda-feira (22). Quem for flagrado sem o acess\u00f3rio poder\u00e1 pagar uma multa no valor de\u00a0<strong>R$ 627<\/strong>.<\/p>\n<p>Segundo a\u00a0<strong>Guarda Civil Metropolitana<\/strong>\u00a0(GCM), o objetivo da fiscaliza\u00e7\u00e3o, neste momento, \u00e9 orientar a popula\u00e7\u00e3o sobre a nova medida do uso obrigat\u00f3rio em locais p\u00fablicos da cidade. \u201cAgora, torna-se obrigat\u00f3rio o uso da m\u00e1scara facial em todas as vias e espa\u00e7os p\u00fablicos,\u00a0<a href=\"https:\/\/www.emaisgoias.com.br\/empresas-de-transporte-coletivo-nao-precisam-cumprir-contrato-na-pandemia\/\" target=\"_blank\" rel=\"noopener noreferrer\"><strong>transportes p\u00fablicos coletivos<\/strong><\/a>, estabelecimentos comerciais, industriais e espa\u00e7os de presta\u00e7\u00e3o de servi\u00e7o, inclusive em \u00e1reas comuns e dentro dos carros\u201d.<\/p>\n<p>De acordo com a Guarda, quem for flagrado sem o EPI poder\u00e1 ser autuado e\/ou multado no valor de R$ 627,38. A GCM reiterou que a medida estende-se aos servidores p\u00fablicos e que, em caso de flagrante, os guardas exigir\u00e3o o fornecimento de dados pessoais e endere\u00e7o para, posteriormente, gerar o auto de infra\u00e7\u00e3o. \u00a0Dessa forma, depois de ser formalizada por auditores fiscais do munic\u00edpio, a multa chegar\u00e1 no endere\u00e7o do infrator.<\/p>\n<div class=\"m-banner-wrap m-publicity-content-middle\">\n<div id=\"div-gpt-ad-quadrado-3\" data-google-query-id=\"CKa2hv6Bm-oCFVV7gQodfGQCEA\">\n<div id=\"google_ads_iframe_\/176290677\/quadrado-3_0__container__\">A prefeitura refor\u00e7ou que a exig\u00eancia ser\u00e1 mantida por tempo indeterminado, enquanto vigorar o estado de emerg\u00eancia no munic\u00edpio, previsto no Decreto n\u00b0 736, de 13 de mar\u00e7o de 2020.<\/div>\n<div><\/div>\n<div>Com Informa\u00e7\u00f5es:Mais Goi\u00e1s<\/div>\n<\/div>\n<\/div>\n","protected":false},"excerpt":{"rendered":"<p>A\u00a0prefeitura de Goi\u00e2nia\u00a0iniciou nesta quarta-feira (24) a\u00a0fiscaliza\u00e7\u00e3o\u00a0sobre o uso de\u00a0m\u00e1scaras\u00a0em locais p\u00fablicos\u00a0. O equipamento de prote\u00e7\u00e3o individual (EPI) passou a ser obrigat\u00f3rio na capital na \u00faltima segunda-feira (22). Quem for flagrado sem o acess\u00f3rio poder\u00e1 pagar uma multa no valor de\u00a0R$ 627. Segundo a\u00a0Guarda Civil Metropolitana\u00a0(GCM), o objetivo da fiscaliza\u00e7\u00e3o, neste momento, \u00e9 orientar a &hellip;<\/p>\n","protected":false},"author":3,"featured_media":54592,"comment_status":"open","ping_status":"open","sticky":false,"template":"","format":"standard","meta":{"_exactmetrics_skip_tracking":false,"_exactmetrics_sitenote_active":false,"_exactmetrics_sitenote_note":"","_exactmetrics_sitenote_category":0,"footnotes":""},"categories":[7,19],"tags":[],"_links":{"self":[{"href":"https:\/\/goiasemtempo.com.br\/home\/wp-json\/wp\/v2\/posts\/54591"}],"collection":[{"href":"https:\/\/goiasemtempo.com.br\/home\/wp-json\/wp\/v2\/posts"}],"about":[{"href":"https:\/\/goiasemtempo.com.br\/home\/wp-json\/wp\/v2\/types\/post"}],"author":[{"embeddable":true,"href":"https:\/\/goiasemtempo.com.br\/home\/wp-json\/wp\/v2\/users\/3"}],"replies":[{"embeddable":true,"href":"https:\/\/goiasemtempo.com.br\/home\/wp-json\/wp\/v2\/comments?post=54591"}],"version-history":[{"count":2,"href":"https:\/\/goiasemtempo.com.br\/home\/wp-json\/wp\/v2\/posts\/54591\/revisions"}],"predecessor-version":[{"id":54594,"href":"https:\/\/goiasemtempo.com.br\/home\/wp-json\/wp\/v2\/posts\/54591\/revisions\/54594"}],"wp:featuredmedia":[{"embeddable":true,"href":"https:\/\/goiasemtempo.com.br\/home\/wp-json\/wp\/v2\/media\/54592"}],"wp:attachment":[{"href":"https:\/\/goiasemtempo.com.br\/home\/wp-json\/wp\/v2\/media?parent=54591"}],"wp:term":[{"taxonomy":"category","embeddable":true,"href":"https:\/\/goiasemtempo.com.br\/home\/wp-json\/wp\/v2\/categories?post=54591"},{"taxonomy":"post_tag","embeddable":true,"href":"https:\/\/goiasemtempo.com.br\/home\/wp-json\/wp\/v2\/tags?post=54591"}],"curies":[{"name":"wp","href":"https:\/\/api.w.org\/{rel}","templated":true}]}}