{"id":54450,"date":"2020-06-19T15:49:52","date_gmt":"2020-06-19T15:49:52","guid":{"rendered":"http:\/\/goiasemtempo.com.br\/home\/?p=54450"},"modified":"2020-06-19T15:49:52","modified_gmt":"2020-06-19T15:49:52","slug":"clientes-de-baixa-renda-da-enel-goias-ficarao-isentos-de-icms-na-conta-de-luz","status":"publish","type":"post","link":"https:\/\/goiasemtempo.com.br\/home\/clientes-de-baixa-renda-da-enel-goias-ficarao-isentos-de-icms-na-conta-de-luz\/","title":{"rendered":"Clientes de baixa renda da Enel Goi\u00e1s ficar\u00e3o isentos de ICMS na conta de luz"},"content":{"rendered":"<p class=\"m_4063798517482852328paragraph\"><span class=\"m_4063798517482852328normaltextrun\"><b>Goi\u00e2nia, 19 de junho de 2020 \u2013<\/b><\/span><span class=\"m_4063798517482852328normaltextrun\">\u00a0O governador do Estado de Goi\u00e1s, Ronaldo Caiado, assinou, nesta sexta-feira (19), decreto isentando a cobran\u00e7a de ICMS (Imposto sobre Circula\u00e7\u00e3o de Mercadorias e Servi\u00e7os) nas contas de luz dos clientes residenciais inscritos na Tarifa Social de Energia El\u00e9trica, com consumo mensal de at\u00e9 220 KWh. A medida vale a partir da publica\u00e7\u00e3o do decreto at\u00e9 30 de junho e \u00e9 retroativa a 1\u00ba de maio.\u00a0<\/span><span class=\"m_4063798517482852328eop\">\u00a0<u><\/u><u><\/u><\/span><\/p>\n<p class=\"m_4063798517482852328paragraph\"><u><\/u>\u00a0<u><\/u><\/p>\n<p class=\"m_4063798517482852328paragraph\"><span class=\"m_4063798517482852328normaltextrun\">Com isso, todos os clientes da Tarifa Social, que j\u00e1 estavam isentos de pagar o consumo de energia at\u00e9 30 de junho por determina\u00e7\u00e3o federal (Medida Provis\u00f3ria n\u00ba 950), agora tamb\u00e9m ter\u00e3o a cobran\u00e7a de ICMS da conta zerada. \u00c9 importante ressaltar que a contribui\u00e7\u00e3o de ilumina\u00e7\u00e3o p\u00fablica, que \u00e9 de responsabilidade das Prefeituras, continuar\u00e1 a ser cobrada. Ao todo, em Goi\u00e1s, cerca de 250 mil fam\u00edlias se enquadram no benef\u00edcio.\u00a0<\/span><span class=\"m_4063798517482852328eop\">\u00a0<u><\/u><u><\/u><\/span><\/p>\n<p class=\"m_4063798517482852328paragraph\"><u><\/u>\u00a0<u><\/u><\/p>\n<p class=\"m_4063798517482852328paragraph\"><span class=\"m_4063798517482852328normaltextrun\">\u201cEsta \u00e9 uma medida importante para auxiliar aquelas fam\u00edlias que est\u00e3o em situa\u00e7\u00e3o de dificuldade em raz\u00e3o da pandemia. Vale ressaltar que o desconto j\u00e1 ser\u00e1 concedido automaticamente pela Enel aos clientes beneficiados. N\u00e3o \u00e9 preciso, portanto, que o cliente fa\u00e7a a solicita\u00e7\u00e3o. Tudo ser\u00e1 feito de forma r\u00e1pida e sem burocracia\u201d, enfatiza Jos\u00e9 Luis Salas, diretor-presidente da Enel Distribui\u00e7\u00e3o Goi\u00e1s. Segundo ele, que participou da solenidade de assinatura do decreto, a partir de uma parceria com a Secretaria de Desenvolvimento Social do Governo de Goi\u00e1s, houve um esfor\u00e7o concentrado em 2020 para cadastrar na Tarifa Social de Energia El\u00e9trica um grande n\u00famero de pessoas. \u201cForam cadastradas nesse per\u00edodo mais de 100 mil fam\u00edlias. Fizemos isso de forma autom\u00e1tica, a partir de uma an\u00e1lise de base de dados do Governo, para que mais pessoas pudessem se beneficiar com as isen\u00e7\u00f5es concedidas\u201d, conta.\u00a0<\/span><span class=\"m_4063798517482852328eop\">\u00a0<u><\/u><u><\/u><\/span><\/p>\n<p class=\"m_4063798517482852328paragraph\"><u><\/u>\u00a0<u><\/u><\/p>\n<p class=\"m_4063798517482852328paragraph\"><span class=\"m_4063798517482852328normaltextrun\">Clientes que tiveram faturas emitidas a partir de 1\u00ba de maio sem o desconto e que j\u00e1 efetuaram o pagamento, receber\u00e3o o cr\u00e9dito nas faturas subsequentes. J\u00e1 aqueles clientes que n\u00e3o receberam o desconto em maio e que ainda n\u00e3o pagaram, ter\u00e3o as contas\u00a0refaturadas. Essas faturas estar\u00e3o dispon\u00edveis nos canais digitais da Enel. Para ter acesso \u00e0 segunda via da conta, o cliente pode acessar o site da empresa (<a href=\"http:\/\/www.enel.com.br\/\" target=\"_blank\" rel=\"noopener\" data-saferedirecturl=\"https:\/\/www.google.com\/url?q=http:\/\/www.enel.com.br&amp;source=gmail&amp;ust=1592667867048000&amp;usg=AFQjCNGIHt62ukQRH-QZnV9d5TmYCN9bLw\">www.enel.com.br<\/a>), baixar o aplicativo Enel Goi\u00e1s, dispon\u00edvel nas plataformas\u00a0Android\u00a0e IOS ou buscar atendimento pelo WhatsApp Elena, no telefone (21) 99601-9608.<\/span><span class=\"m_4063798517482852328eop\">\u00a0<\/span><u><\/u><u><\/u><\/p>\n<p class=\"m_4063798517482852328paragraph\"><span class=\"m_4063798517482852328eop\">\u00a0<\/span><u><\/u><u><\/u><\/p>\n<p class=\"m_4063798517482852328paragraph\">\n","protected":false},"excerpt":{"rendered":"<p>Goi\u00e2nia, 19 de junho de 2020 \u2013\u00a0O governador do Estado de Goi\u00e1s, Ronaldo Caiado, assinou, nesta sexta-feira (19), decreto isentando a cobran\u00e7a de ICMS (Imposto sobre Circula\u00e7\u00e3o de Mercadorias e Servi\u00e7os) nas contas de luz dos clientes residenciais inscritos na Tarifa Social de Energia El\u00e9trica, com consumo mensal de at\u00e9 220 KWh. A medida vale &hellip;<\/p>\n","protected":false},"author":3,"featured_media":54451,"comment_status":"open","ping_status":"open","sticky":false,"template":"","format":"standard","meta":{"_exactmetrics_skip_tracking":false,"_exactmetrics_sitenote_active":false,"_exactmetrics_sitenote_note":"","_exactmetrics_sitenote_category":0,"footnotes":""},"categories":[15],"tags":[],"_links":{"self":[{"href":"https:\/\/goiasemtempo.com.br\/home\/wp-json\/wp\/v2\/posts\/54450"}],"collection":[{"href":"https:\/\/goiasemtempo.com.br\/home\/wp-json\/wp\/v2\/posts"}],"about":[{"href":"https:\/\/goiasemtempo.com.br\/home\/wp-json\/wp\/v2\/types\/post"}],"author":[{"embeddable":true,"href":"https:\/\/goiasemtempo.com.br\/home\/wp-json\/wp\/v2\/users\/3"}],"replies":[{"embeddable":true,"href":"https:\/\/goiasemtempo.com.br\/home\/wp-json\/wp\/v2\/comments?post=54450"}],"version-history":[{"count":1,"href":"https:\/\/goiasemtempo.com.br\/home\/wp-json\/wp\/v2\/posts\/54450\/revisions"}],"predecessor-version":[{"id":54452,"href":"https:\/\/goiasemtempo.com.br\/home\/wp-json\/wp\/v2\/posts\/54450\/revisions\/54452"}],"wp:featuredmedia":[{"embeddable":true,"href":"https:\/\/goiasemtempo.com.br\/home\/wp-json\/wp\/v2\/media\/54451"}],"wp:attachment":[{"href":"https:\/\/goiasemtempo.com.br\/home\/wp-json\/wp\/v2\/media?parent=54450"}],"wp:term":[{"taxonomy":"category","embeddable":true,"href":"https:\/\/goiasemtempo.com.br\/home\/wp-json\/wp\/v2\/categories?post=54450"},{"taxonomy":"post_tag","embeddable":true,"href":"https:\/\/goiasemtempo.com.br\/home\/wp-json\/wp\/v2\/tags?post=54450"}],"curies":[{"name":"wp","href":"https:\/\/api.w.org\/{rel}","templated":true}]}}