{"id":54430,"date":"2020-06-18T13:18:18","date_gmt":"2020-06-18T13:18:18","guid":{"rendered":"http:\/\/goiasemtempo.com.br\/home\/?p=54430"},"modified":"2020-06-18T13:18:18","modified_gmt":"2020-06-18T13:18:18","slug":"queiroz-estava-na-casa-de-frederick-wasseff-ha-1-ano-diz-caseiro","status":"publish","type":"post","link":"https:\/\/goiasemtempo.com.br\/home\/queiroz-estava-na-casa-de-frederick-wasseff-ha-1-ano-diz-caseiro\/","title":{"rendered":"Queiroz estava na casa de Frederick Wasseff h\u00e1 1 ano, diz caseiro"},"content":{"rendered":"<p>Fabr\u00edcio Queiroz, ex-assessor e ex-motorista do senador Fl\u00e1vio Bolsonaro (Republicanos-RJ), esteve por cerca de um ano na casa do advogado do parlamentar, Frederick Wasseff, em Atibaia, onde foi preso na manh\u00e3 desta quarta-feira (18). A informa\u00e7\u00e3o foi confirmada pelo caseiro da resid\u00eancia \u00e0 Pol\u00edcia Civil de S\u00e3o Paulo, conforme informou o delegado Nico Gon\u00e7alves, respons\u00e1vel pela opera\u00e7\u00e3o, em entrevista \u00e0 GloboNews.<\/p>\n<p>Na mesma conversa, o delegado afirmou que foram apreendidos dois celulares, documentos e e um malote com uma quantia em dinheiro ainda n\u00e3o especificada. Segundo ele, Queiroz estava dormindo no momento da pris\u00e3o, ficou surpreso, mas n\u00e3o ofereceu resist\u00eancia, afirmando apenas que estava doente, o que motivou seu encaminhamento ao Instituto M\u00e9dico Legal (IML) para exames.<\/p>\n<p>Vale lembrar que em setembro de 2019, em entrevista concedida ao programa Em Foco, da mesma emissora,\u00a0Frederick Wasseff afirmou que n\u00e3o sabia do paradeiro\u00a0o ex-assessor e que n\u00e3o era advogado dele.<\/p>\n<p>Os questionamentos sobre o paradeiro de Queiroz tamb\u00e9m irritavam o presidente Jair Bolsonaro. Em outubro do ano passado, ele rebateu um ciclista que perguntou sobre Fabr\u00edcio afirmando que &#8220;t\u00e1 com sua m\u00e3e&#8221;, disse o Chefe de Estado na sa\u00edda do Pal\u00e1cio da Alvorada.<\/p>\n<p>&nbsp;<\/p>\n","protected":false},"excerpt":{"rendered":"<p>Fabr\u00edcio Queiroz, ex-assessor e ex-motorista do senador Fl\u00e1vio Bolsonaro (Republicanos-RJ), esteve por cerca de um ano na casa do advogado do parlamentar, Frederick Wasseff, em Atibaia, onde foi preso na manh\u00e3 desta quarta-feira (18). A informa\u00e7\u00e3o foi confirmada pelo caseiro da resid\u00eancia \u00e0 Pol\u00edcia Civil de S\u00e3o Paulo, conforme informou o delegado Nico Gon\u00e7alves, respons\u00e1vel &hellip;<\/p>\n","protected":false},"author":3,"featured_media":54431,"comment_status":"open","ping_status":"open","sticky":false,"template":"","format":"standard","meta":{"_exactmetrics_skip_tracking":false,"_exactmetrics_sitenote_active":false,"_exactmetrics_sitenote_note":"","_exactmetrics_sitenote_category":0,"footnotes":""},"categories":[4],"tags":[],"_links":{"self":[{"href":"https:\/\/goiasemtempo.com.br\/home\/wp-json\/wp\/v2\/posts\/54430"}],"collection":[{"href":"https:\/\/goiasemtempo.com.br\/home\/wp-json\/wp\/v2\/posts"}],"about":[{"href":"https:\/\/goiasemtempo.com.br\/home\/wp-json\/wp\/v2\/types\/post"}],"author":[{"embeddable":true,"href":"https:\/\/goiasemtempo.com.br\/home\/wp-json\/wp\/v2\/users\/3"}],"replies":[{"embeddable":true,"href":"https:\/\/goiasemtempo.com.br\/home\/wp-json\/wp\/v2\/comments?post=54430"}],"version-history":[{"count":1,"href":"https:\/\/goiasemtempo.com.br\/home\/wp-json\/wp\/v2\/posts\/54430\/revisions"}],"predecessor-version":[{"id":54432,"href":"https:\/\/goiasemtempo.com.br\/home\/wp-json\/wp\/v2\/posts\/54430\/revisions\/54432"}],"wp:featuredmedia":[{"embeddable":true,"href":"https:\/\/goiasemtempo.com.br\/home\/wp-json\/wp\/v2\/media\/54431"}],"wp:attachment":[{"href":"https:\/\/goiasemtempo.com.br\/home\/wp-json\/wp\/v2\/media?parent=54430"}],"wp:term":[{"taxonomy":"category","embeddable":true,"href":"https:\/\/goiasemtempo.com.br\/home\/wp-json\/wp\/v2\/categories?post=54430"},{"taxonomy":"post_tag","embeddable":true,"href":"https:\/\/goiasemtempo.com.br\/home\/wp-json\/wp\/v2\/tags?post=54430"}],"curies":[{"name":"wp","href":"https:\/\/api.w.org\/{rel}","templated":true}]}}