{"id":54316,"date":"2020-06-14T01:04:43","date_gmt":"2020-06-14T01:04:43","guid":{"rendered":"http:\/\/goiasemtempo.com.br\/home\/?p=54316"},"modified":"2020-06-14T01:04:43","modified_gmt":"2020-06-14T01:04:43","slug":"travesti-e-morta-apos-assalto-em-anapolis-policia-prende-quatro-suspeitos","status":"publish","type":"post","link":"https:\/\/goiasemtempo.com.br\/home\/travesti-e-morta-apos-assalto-em-anapolis-policia-prende-quatro-suspeitos\/","title":{"rendered":"Travesti \u00e9 morta ap\u00f3s assalto, em An\u00e1polis; Pol\u00edcia prende quatro suspeitos"},"content":{"rendered":"<p>Uma\u00a0<strong>travesti<\/strong>, que n\u00e3o teve o nome e nem a idade divulgada, foi morta ap\u00f3s ser assaltada no\u00a0<strong>Bairro Calixtol\u00e2ndia<\/strong>, em An\u00e1polis, na madrugada deste s\u00e1bado (13). Quatro suspeitos do crime, sendo tr\u00eas homens e uma mulher, foram presos, horas depois do crime, pela<a href=\"https:\/\/www.pm.go.gov.br\/\"><strong>\u00a0Pol\u00edcia Militar (PM).<\/strong><\/a><\/p>\n<p>De acordo com o tenente Cl\u00e1udio Ant\u00f4nio J\u00fanior, a v\u00edtima estava acompanhada de outra travesti quando foram surpreendidas pelos tr\u00eas suspeitos, que estavam em VW Gol. Ambos as aliciaram para a contrata\u00e7\u00e3o de um programa, mas, ao entrarem no ve\u00edculo, foi anunciado o assalto. Uma das v\u00edtimas conseguiu fugir.<\/p>\n<p>Ainda segundo o tenente, a v\u00edtima ainda alegou que n\u00e3o tinha nada de valor, mas, mesmo assim, foi morta com v\u00e1rios disparos. Ap\u00f3s ser informado do caso, foi iniciado o patrulhamento at\u00e9 localizar a casa de um dos suspeitos, no Vila Verde. No local, foi encontrado a arma utilizada no crime, um rev\u00f3lver calibre 38, que estava embaixo do fog\u00e3o. Com isso, houve a localiza\u00e7\u00e3o dos demais suspeitos.<\/p>\n<div class=\"m-banner-wrap m-publicity-content-middle\">\n<div id=\"div-gpt-ad-quadrado-3\" data-google-query-id=\"CJaWv4eNgOoCFQkGoQodOeULng\">\n<div id=\"google_ads_iframe_\/176290677\/quadrado-3_0__container__\">Al\u00e9m disso, segundo o tenente, o ve\u00edculo utilizado na fuga consta registro de roubo, realizado em Goi\u00e2nia, no \u00faltimo dia 9 de junho. Com exce\u00e7\u00e3o da mulher, todos t\u00eam passagens pela pol\u00edcia por tr\u00e1fico e roubo,a idade deles variam de 18 a 23 anos. \u201cCom o grupo, foi encontrado a quantia de R$ 500, mas ainda n\u00e3o podemos confirmar se esse dinheiro era da v\u00edtima\u201d, destaca o policial.<\/div>\n<\/div>\n<\/div>\n<p>&nbsp;<\/p>\n<p>O grupo foi encaminhado para a Central de Flagrantes de An\u00e1polis. Al\u00e9m de serem autuados pelo crime de latroc\u00ednio, um dos suspeitos vai responder pelo porte ilegal de arma de fogo e outro por recepta\u00e7\u00e3o, j\u00e1 que estava na dire\u00e7\u00e3o do ve\u00edculo roubado. A mulher, que n\u00e3o estava na cena do crime, foi autuada por favorecimento pessoa e recepta\u00e7\u00e3o, pois ajudou a esconder o carro utilizado na a\u00e7\u00e3o.<\/p>\n<div id=\"attachment_270615\" class=\"wp-caption alignnone\"><img fetchpriority=\"high\" decoding=\"async\" class=\"wp-image-270615 lazyload lazy loaded\" src=\"https:\/\/www.emaisgoias.com.br\/wp-content\/uploads\/2020\/06\/WhatsApp-Image-2020-06-13-at-16.45.28.jpeg\" alt=\"\" width=\"540\" height=\"554\" aria-describedby=\"caption-attachment-270615\" data-src=\"https:\/\/www.emaisgoias.com.br\/wp-content\/uploads\/2020\/06\/WhatsApp-Image-2020-06-13-at-16.45.28.jpeg\" data-was-processed=\"true\" \/><\/p>\n<p id=\"caption-attachment-270615\" class=\"wp-caption-text\">Ve\u00edculo roubado que foi utilizado no crime (Foto: divulga\u00e7\u00e3o\/PM)<\/p>\n<\/div>\n<div id=\"attachment_270616\" class=\"wp-caption alignnone\"><img decoding=\"async\" class=\"wp-image-270616 lazyload lazy loaded\" src=\"https:\/\/www.emaisgoias.com.br\/wp-content\/uploads\/2020\/06\/WhatsApp-Image-2020-06-13-at-16.47.25.jpeg\" alt=\"\" width=\"540\" height=\"784\" aria-describedby=\"caption-attachment-270616\" data-src=\"https:\/\/www.emaisgoias.com.br\/wp-content\/uploads\/2020\/06\/WhatsApp-Image-2020-06-13-at-16.47.25.jpeg\" data-was-processed=\"true\" \/><\/p>\n<p id=\"caption-attachment-270616\" class=\"wp-caption-text\">R$ 500 foram encontrados com os suspeitos (Foto: divulga\u00e7\u00e3o\/PM)<\/p>\n<\/div>\n<div class=\"m-banner-wrap m-publicity-content-middle\">\n<div id=\"div-gpt-ad-quadrado-4\" data-google-query-id=\"CPrVz4eNgOoCFd9twQodCgUDWg\">\n<div id=\"google_ads_iframe_\/176290677\/quadrado-4_0__container__\"><\/div>\n<\/div>\n<\/div>\n","protected":false},"excerpt":{"rendered":"<p>Uma\u00a0travesti, que n\u00e3o teve o nome e nem a idade divulgada, foi morta ap\u00f3s ser assaltada no\u00a0Bairro Calixtol\u00e2ndia, em An\u00e1polis, na madrugada deste s\u00e1bado (13). Quatro suspeitos do crime, sendo tr\u00eas homens e uma mulher, foram presos, horas depois do crime, pela\u00a0Pol\u00edcia Militar (PM). De acordo com o tenente Cl\u00e1udio Ant\u00f4nio J\u00fanior, a v\u00edtima estava &hellip;<\/p>\n","protected":false},"author":3,"featured_media":54317,"comment_status":"open","ping_status":"open","sticky":false,"template":"","format":"standard","meta":{"_exactmetrics_skip_tracking":false,"_exactmetrics_sitenote_active":false,"_exactmetrics_sitenote_note":"","_exactmetrics_sitenote_category":0,"footnotes":""},"categories":[18],"tags":[],"_links":{"self":[{"href":"https:\/\/goiasemtempo.com.br\/home\/wp-json\/wp\/v2\/posts\/54316"}],"collection":[{"href":"https:\/\/goiasemtempo.com.br\/home\/wp-json\/wp\/v2\/posts"}],"about":[{"href":"https:\/\/goiasemtempo.com.br\/home\/wp-json\/wp\/v2\/types\/post"}],"author":[{"embeddable":true,"href":"https:\/\/goiasemtempo.com.br\/home\/wp-json\/wp\/v2\/users\/3"}],"replies":[{"embeddable":true,"href":"https:\/\/goiasemtempo.com.br\/home\/wp-json\/wp\/v2\/comments?post=54316"}],"version-history":[{"count":1,"href":"https:\/\/goiasemtempo.com.br\/home\/wp-json\/wp\/v2\/posts\/54316\/revisions"}],"predecessor-version":[{"id":54318,"href":"https:\/\/goiasemtempo.com.br\/home\/wp-json\/wp\/v2\/posts\/54316\/revisions\/54318"}],"wp:featuredmedia":[{"embeddable":true,"href":"https:\/\/goiasemtempo.com.br\/home\/wp-json\/wp\/v2\/media\/54317"}],"wp:attachment":[{"href":"https:\/\/goiasemtempo.com.br\/home\/wp-json\/wp\/v2\/media?parent=54316"}],"wp:term":[{"taxonomy":"category","embeddable":true,"href":"https:\/\/goiasemtempo.com.br\/home\/wp-json\/wp\/v2\/categories?post=54316"},{"taxonomy":"post_tag","embeddable":true,"href":"https:\/\/goiasemtempo.com.br\/home\/wp-json\/wp\/v2\/tags?post=54316"}],"curies":[{"name":"wp","href":"https:\/\/api.w.org\/{rel}","templated":true}]}}