{"id":54029,"date":"2020-06-05T16:10:17","date_gmt":"2020-06-05T16:10:17","guid":{"rendered":"http:\/\/goiasemtempo.com.br\/home\/?p=54029"},"modified":"2020-06-05T16:10:17","modified_gmt":"2020-06-05T16:10:17","slug":"motorista-morre-afogado-no-corumba-iv-enquanto-abastecia-caminhao-pipa-em-abadiania","status":"publish","type":"post","link":"https:\/\/goiasemtempo.com.br\/home\/motorista-morre-afogado-no-corumba-iv-enquanto-abastecia-caminhao-pipa-em-abadiania\/","title":{"rendered":"Motorista morre afogado no Corumb\u00e1 IV enquanto abastecia caminh\u00e3o pipa em Abadi\u00e2nia"},"content":{"rendered":"<p>Um homem morreu\u00a0<strong>afogado<\/strong>\u00a0na tarde de quinta-feira (4), no\u00a0<strong>Lago Corumb\u00e1 IV<\/strong>, em\u00a0<a href=\"https:\/\/www.emaisgoias.com.br\/?s=Abadi%C3%A2nia\" target=\"_blank\" rel=\"noopener noreferrer\"><strong>Abadi\u00e2nia<\/strong><\/a>. Segundo informa\u00e7\u00f5es do\u00a0<a href=\"https:\/\/www.bombeiros.go.gov.br\/\" target=\"_blank\" rel=\"noopener noreferrer\"><strong>Corpo de Bombeiros<\/strong><\/a>, a v\u00edtima estava abastecendo um\u00a0<strong>caminh\u00e3o pipa<\/strong>\u00a0em uma rampa dentro de um condom\u00ednio \u00e0s margens do Lago, quando o ve\u00edculo come\u00e7ou a descer a rampa de r\u00e9.<\/p>\n<p>Ainda de acordo com a corpora\u00e7\u00e3o, o motorista teria sa\u00eddo do ve\u00edculo quando o n\u00edvel da \u00e1gua atingiu a cabine na altura do t\u00f3rax, aproximadamente. Ele teria tentado nadar at\u00e9 a margem, mas n\u00e3o conseguiu e se afogou.<\/p>\n<p>Os militares realizaram as buscas no local, e encontraram a v\u00edtima a aproximadamente quatro metros de profundidade. O corpo foi retirado e encaminhado ao Instituto M\u00e9dico Legal (IML).<\/p>\n<p><em>Leicilane Tomazine\/MGoi\u00e1s<\/em><\/p>\n","protected":false},"excerpt":{"rendered":"<p>Um homem morreu\u00a0afogado\u00a0na tarde de quinta-feira (4), no\u00a0Lago Corumb\u00e1 IV, em\u00a0Abadi\u00e2nia. Segundo informa\u00e7\u00f5es do\u00a0Corpo de Bombeiros, a v\u00edtima estava abastecendo um\u00a0caminh\u00e3o pipa\u00a0em uma rampa dentro de um condom\u00ednio \u00e0s margens do Lago, quando o ve\u00edculo come\u00e7ou a descer a rampa de r\u00e9. Ainda de acordo com a corpora\u00e7\u00e3o, o motorista teria sa\u00eddo do ve\u00edculo quando &hellip;<\/p>\n","protected":false},"author":3,"featured_media":54030,"comment_status":"open","ping_status":"open","sticky":false,"template":"","format":"standard","meta":{"_exactmetrics_skip_tracking":false,"_exactmetrics_sitenote_active":false,"_exactmetrics_sitenote_note":"","_exactmetrics_sitenote_category":0,"footnotes":""},"categories":[15],"tags":[],"_links":{"self":[{"href":"https:\/\/goiasemtempo.com.br\/home\/wp-json\/wp\/v2\/posts\/54029"}],"collection":[{"href":"https:\/\/goiasemtempo.com.br\/home\/wp-json\/wp\/v2\/posts"}],"about":[{"href":"https:\/\/goiasemtempo.com.br\/home\/wp-json\/wp\/v2\/types\/post"}],"author":[{"embeddable":true,"href":"https:\/\/goiasemtempo.com.br\/home\/wp-json\/wp\/v2\/users\/3"}],"replies":[{"embeddable":true,"href":"https:\/\/goiasemtempo.com.br\/home\/wp-json\/wp\/v2\/comments?post=54029"}],"version-history":[{"count":1,"href":"https:\/\/goiasemtempo.com.br\/home\/wp-json\/wp\/v2\/posts\/54029\/revisions"}],"predecessor-version":[{"id":54031,"href":"https:\/\/goiasemtempo.com.br\/home\/wp-json\/wp\/v2\/posts\/54029\/revisions\/54031"}],"wp:featuredmedia":[{"embeddable":true,"href":"https:\/\/goiasemtempo.com.br\/home\/wp-json\/wp\/v2\/media\/54030"}],"wp:attachment":[{"href":"https:\/\/goiasemtempo.com.br\/home\/wp-json\/wp\/v2\/media?parent=54029"}],"wp:term":[{"taxonomy":"category","embeddable":true,"href":"https:\/\/goiasemtempo.com.br\/home\/wp-json\/wp\/v2\/categories?post=54029"},{"taxonomy":"post_tag","embeddable":true,"href":"https:\/\/goiasemtempo.com.br\/home\/wp-json\/wp\/v2\/tags?post=54029"}],"curies":[{"name":"wp","href":"https:\/\/api.w.org\/{rel}","templated":true}]}}