{"id":54010,"date":"2020-06-04T21:48:41","date_gmt":"2020-06-04T21:48:41","guid":{"rendered":"http:\/\/goiasemtempo.com.br\/home\/?p=54010"},"modified":"2020-06-04T21:49:07","modified_gmt":"2020-06-04T21:49:07","slug":"empresa-de-anapolis-vai-operar-transporte-coletivo-de-maraba-por-20-anos","status":"publish","type":"post","link":"https:\/\/goiasemtempo.com.br\/home\/empresa-de-anapolis-vai-operar-transporte-coletivo-de-maraba-por-20-anos\/","title":{"rendered":"Empresa de An\u00e1polis vai operar transporte coletivo de Marab\u00e1 por 20 anos"},"content":{"rendered":"<p>A prefeitura de Marab\u00e1, munic\u00edpio brasileiro no sudeste do estado do Par\u00e1 com mais de 270 mil habitantes, contratou a empresa <strong>Integra\u00e7\u00e3o Servi\u00e7os e Loca\u00e7\u00e3o\u00a0 <\/strong>da <strong>cidade de An\u00e1polis-Go<\/strong>\u00a0como nova concession\u00e1ria do transporte coletivo municipal.<\/p>\n<p>A concorr\u00eancia foi aberta no dia 30 de abril, data em que a empresa <strong>Integra\u00e7\u00e3o Servi\u00e7os e Loca\u00e7\u00e3o foi a \u00fanica a apresentar documenta\u00e7\u00e3o<\/strong>, sendo habilitada e considerada vencedora ap\u00f3s apresentar, de acordo com o Edital, valor de tarifa de R$ 3,74.No dia 12 de maio, o resultado foi homologado e adjudicado pela Comiss\u00e3o de Licita\u00e7\u00e3o.<\/p>\n<p><strong>EDITAL<\/strong><\/p>\n<p>Segundo havia adiantado em janeiro o secret\u00e1rio de seguran\u00e7a institucional, Jair Guimar\u00e3es, a nova empresa de transporte coletivo ter\u00e1 que atender a popula\u00e7\u00e3o com um m\u00ednimo de <strong>77 ve\u00edculos<\/strong>, sendo <strong>sete reservas e 70 em opera\u00e7\u00e3o<\/strong>. Outra exig\u00eancia \u00e9 que <strong>25% da frota<\/strong> sejam compostos por <strong>ve\u00edculos novos<\/strong> e os demais com <strong>at\u00e9 cinco anos de uso.<\/strong><\/p>\n<p>\u201c<em>Estamos tendo a oportunidade de melhorar o servi\u00e7o, devemos aproveitar o momento para opinar. Estamos preocupados em melhorar o servi\u00e7o que n\u00e3o est\u00e1 a contento. Eu desejo que possamos debater e chegar a um denominador comum<\/em>\u201d, destacou o coordenador de transporte do DMTU, Jo\u00e3o Pereira.<\/p>\n<p>Um dos destaques do estudo apresentado em audi\u00eancia p\u00fablica foi o Terminal Definitivo de Integra\u00e7\u00e3o, por onde a frota de \u00f4nibus vai racionalizar o tempo, combust\u00edvel, pneus, custo da opera\u00e7\u00e3o. O objetivo \u00e9 que entre uma linha e outra a pessoa n\u00e3o passe mais de 15 minutos esperando. \u201c<em>Esse \u00e9 um modal diferente com 77 \u00f4nibus, <strong>sendo 25% da frota nova e com ar-condicionado<\/strong><\/em><strong>\u201d<\/strong>, destacou a prefeitura na apresenta\u00e7\u00e3o, ressaltando que todas as etapas est\u00e3o previstas para terminar em at\u00e9 tr\u00eas meses.<\/p>\n<p>O Termo T\u00e9cnico prop\u00f5e que a rede de transporte coletivo de Marab\u00e1 seja formada por 15 linhas, em modelo de ampla integra\u00e7\u00e3o.<\/p>\n<p>A empresa que operava anteriormente o servi\u00e7o explorava 30 linhas, contemplando os tr\u00eas n\u00facleos, Velha Marab\u00e1, Cidade Nova e Nova Marab\u00e1, os bairros Morada Nova e S\u00e3o F\u00e9lix I, II e III, vilas Murumuru, Sarandi, S\u00e3o Jos\u00e9 e o Loteamento Cidade Jardim.<\/p>\n<p>A elabora\u00e7\u00e3o do Termo de Refer\u00eancia consumiu 22 dias de estudo de campo, realizado com base na circula\u00e7\u00e3o dos 30 \u00f4nibus que operam hoje no sistema.<\/p>\n<p><strong>EMERGENCIAL<\/strong><\/p>\n<p>Em fevereiro, ap\u00f3s as empresas que operavam o transporte municipal Nasson Tur e TC suspenderem os servi\u00e7os unilateralmente, a prefeitura contratou a Integra\u00e7\u00e3o Servi\u00e7os emergencialmente por 30 dias. As duas empresas deveriam continuar atuando por 90 dias at\u00e9 que a Prefeitura finalizasse a contrata\u00e7\u00e3o de nova empresa.<\/p>\n<p>\u201c<em>O contrato celebrado entre a empresa de transporte Integra\u00e7\u00e3o Servi\u00e7os e a Prefeitura de Marab\u00e1 prev\u00ea que 10% da frota, obrigatoriamente, deve ter ar condicionado. O contrato tem validade por 30 dias, podendo ser prorrogado por mais 30, ou at\u00e9 o encerramento do processo licitat\u00f3rio para contrata\u00e7\u00e3o de empresa definitiva, que est\u00e1 em andamento<\/em>\u201d, informou a Prefeitura, em nota.<\/p>\n<p>O e<strong>mpres\u00e1rio Cl\u00e9sio Siqueira,<\/strong> <strong>propriet\u00e1rio da empresa de transporte,<\/strong> afirma que todos os itens do contrato com a Prefeitura ser\u00e3o cumpridos para atender toda a popula\u00e7\u00e3o da melhor forma poss\u00edvel.<\/p>\n<p>\u201c<em>No contrato emergencial ficou para atender com <strong>60 ve\u00edculos<\/strong>. Vamos iniciar com 40 e durante a semana vamos chegar aos 60. V\u00e3o ser mantidas as rotas e em rela\u00e7\u00e3o ao terminal n\u00e3o vamos poder utilizar pois \u00e9 da empresa anterior, e vamos absorver tamb\u00e9m grande parte da m\u00e3o de obra da empresa anterior<\/em>\u201d, explicou Siqueira, em nota.<\/p>\n<p>De acordo com o secret\u00e1rio de Seguran\u00e7a Institucional, Jair Guimar\u00e3es, o contrato \u00e9 tempor\u00e1rio para que a popula\u00e7\u00e3o n\u00e3o venha a ser prejudicada com a falta de transporte coletivo.<\/p>\n<p>De acordo com o secret\u00e1rio de Seguran\u00e7a Institucional, Jair Guimar\u00e3es, o contrato \u00e9 tempor\u00e1rio para que a popula\u00e7\u00e3o n\u00e3o venha a ser prejudicada com a falta de transporte coletivo.<\/p>\n<p>\u201c<em>Foi uma semana de tratativa com a empresa, n\u00f3s conseguimos esse contrato com essa <strong>empresa de An\u00e1polis.<\/strong> Chegaram <strong>40 \u00f4nibu<\/strong>s sendo 6 com ar condicionado e todos os ve\u00edculos adaptados para cadeirantes. S\u00e3o \u00f4nibus melhores e com certeza vai dar tudo certo<\/em>\u201d, disse Jair Guimar\u00e3es.<\/p>\n<p>A Prefeitura informou que todos os direitos dos usu\u00e1rios, como meia passagem, gratuidade para os idosos, assentos para prioridades e cadeirantes, est\u00e3o sendo respeitados. O valor da passagem inteira est\u00e1 sendo cobrado no valor de <strong>R$ 3,60.<\/strong><\/p>\n<p>O Extrato do Contrato foi publicado no Di\u00e1rio Oficial da Uni\u00e3o desta quinta-feira, 04 de junho de 2020.<\/p>\n<hr \/>\n<p><img fetchpriority=\"high\" decoding=\"async\" class=\"alignnone size-full wp-image-139894\" src=\"https:\/\/diariodotransporte.com.br\/wp-content\/uploads\/2020\/06\/maraba_contrato.png\" sizes=\"(max-width: 750px) 100vw, 750px\" srcset=\"https:\/\/diariodotransporte.com.br\/wp-content\/uploads\/2020\/06\/maraba_contrato.png 750w, https:\/\/diariodotransporte.com.br\/wp-content\/uploads\/2020\/06\/maraba_contrato-300x154.png 300w, https:\/\/diariodotransporte.com.br\/wp-content\/uploads\/2020\/06\/maraba_contrato-150x77.png 150w\" alt=\"maraba_contrato\" width=\"750\" height=\"385\" \/><\/p>\n<hr \/>\n<p>O certame licitat\u00f3rio foi precedido de audi\u00eancia p\u00fablica realizada dia 30 de janeiro de 2020, como mostrou o\u00a0<strong><em>Di\u00e1rio do Transporte<\/em><\/strong>. Relembre:\u00a0<a href=\"https:\/\/diariodotransporte.com.br\/2020\/01\/31\/maraba-realiza-audiencia-publica-para-licitacao-do-transporte-municipal\/\">Marab\u00e1 realiza audi\u00eancia p\u00fablica para licita\u00e7\u00e3o do transporte municipal<\/a><\/p>\n<p>A concorr\u00eancia foi aberta no dia 30 de abril, data em que a empresa Integra\u00e7\u00e3o Servi\u00e7os e Loca\u00e7\u00e3o foi a \u00fanica a apresentar documenta\u00e7\u00e3o, sendo habilitada e considerada vencedora ap\u00f3s apresentar, de acordo com o Edital, valor de tarifa de R$ 3,74.<\/p>\n<p>No dia 12 de maio, o resultado foi homologado e adjudicado pela Comiss\u00e3o de Licita\u00e7\u00e3o.<\/p>\n<hr \/>\n<p><strong><img decoding=\"async\" class=\"alignnone size-full wp-image-139895\" src=\"https:\/\/diariodotransporte.com.br\/wp-content\/uploads\/2020\/06\/ata_abertura_page-0001.jpg\" sizes=\"(max-width: 750px) 100vw, 750px\" srcset=\"https:\/\/diariodotransporte.com.br\/wp-content\/uploads\/2020\/06\/ata_abertura_page-0001.jpg 750w, https:\/\/diariodotransporte.com.br\/wp-content\/uploads\/2020\/06\/ata_abertura_page-0001-212x300.jpg 212w, https:\/\/diariodotransporte.com.br\/wp-content\/uploads\/2020\/06\/ata_abertura_page-0001-724x1024.jpg 724w, https:\/\/diariodotransporte.com.br\/wp-content\/uploads\/2020\/06\/ata_abertura_page-0001-106x150.jpg 106w\" alt=\"ata_abertura_page-0001\" width=\"750\" height=\"1061\" \/><\/strong><\/p>\n<hr \/>\n<p><img decoding=\"async\" class=\"alignnone size-full wp-image-139896\" src=\"https:\/\/diariodotransporte.com.br\/wp-content\/uploads\/2020\/06\/ata_abertura_page-0002.jpg\" sizes=\"(max-width: 750px) 100vw, 750px\" srcset=\"https:\/\/diariodotransporte.com.br\/wp-content\/uploads\/2020\/06\/ata_abertura_page-0002.jpg 750w, https:\/\/diariodotransporte.com.br\/wp-content\/uploads\/2020\/06\/ata_abertura_page-0002-212x300.jpg 212w, https:\/\/diariodotransporte.com.br\/wp-content\/uploads\/2020\/06\/ata_abertura_page-0002-724x1024.jpg 724w, https:\/\/diariodotransporte.com.br\/wp-content\/uploads\/2020\/06\/ata_abertura_page-0002-106x150.jpg 106w\" alt=\"ata_abertura_page-0002\" width=\"750\" height=\"1061\" \/><\/p>\n<p>&nbsp;<\/p>\n<p>&nbsp;<\/p>\n<hr \/>\n<p><em><b>Mat\u00e9ria :Di\u00e1rio do Transporte<\/b><\/em><\/p>\n<p>Link:<a href=\"https:\/\/diariodotransporte.com.br\/2020\/06\/04\/maraba-assina-contrato-com-nova-operadora-do-transporte-coletivo\/\">https:\/\/diariodotransporte.com.br\/2020\/06\/04\/maraba-assina-contrato-com-nova-operadora-do-transporte-coletivo\/<\/a><\/p>\n","protected":false},"excerpt":{"rendered":"<p>A prefeitura de Marab\u00e1, munic\u00edpio brasileiro no sudeste do estado do Par\u00e1 com mais de 270 mil habitantes, contratou a empresa Integra\u00e7\u00e3o Servi\u00e7os e Loca\u00e7\u00e3o\u00a0 da cidade de An\u00e1polis-Go\u00a0como nova concession\u00e1ria do transporte coletivo municipal. A concorr\u00eancia foi aberta no dia 30 de abril, data em que a empresa Integra\u00e7\u00e3o Servi\u00e7os e Loca\u00e7\u00e3o foi a &hellip;<\/p>\n","protected":false},"author":3,"featured_media":54011,"comment_status":"open","ping_status":"open","sticky":false,"template":"","format":"standard","meta":{"_exactmetrics_skip_tracking":false,"_exactmetrics_sitenote_active":false,"_exactmetrics_sitenote_note":"","_exactmetrics_sitenote_category":0,"footnotes":""},"categories":[19],"tags":[],"_links":{"self":[{"href":"https:\/\/goiasemtempo.com.br\/home\/wp-json\/wp\/v2\/posts\/54010"}],"collection":[{"href":"https:\/\/goiasemtempo.com.br\/home\/wp-json\/wp\/v2\/posts"}],"about":[{"href":"https:\/\/goiasemtempo.com.br\/home\/wp-json\/wp\/v2\/types\/post"}],"author":[{"embeddable":true,"href":"https:\/\/goiasemtempo.com.br\/home\/wp-json\/wp\/v2\/users\/3"}],"replies":[{"embeddable":true,"href":"https:\/\/goiasemtempo.com.br\/home\/wp-json\/wp\/v2\/comments?post=54010"}],"version-history":[{"count":2,"href":"https:\/\/goiasemtempo.com.br\/home\/wp-json\/wp\/v2\/posts\/54010\/revisions"}],"predecessor-version":[{"id":54013,"href":"https:\/\/goiasemtempo.com.br\/home\/wp-json\/wp\/v2\/posts\/54010\/revisions\/54013"}],"wp:featuredmedia":[{"embeddable":true,"href":"https:\/\/goiasemtempo.com.br\/home\/wp-json\/wp\/v2\/media\/54011"}],"wp:attachment":[{"href":"https:\/\/goiasemtempo.com.br\/home\/wp-json\/wp\/v2\/media?parent=54010"}],"wp:term":[{"taxonomy":"category","embeddable":true,"href":"https:\/\/goiasemtempo.com.br\/home\/wp-json\/wp\/v2\/categories?post=54010"},{"taxonomy":"post_tag","embeddable":true,"href":"https:\/\/goiasemtempo.com.br\/home\/wp-json\/wp\/v2\/tags?post=54010"}],"curies":[{"name":"wp","href":"https:\/\/api.w.org\/{rel}","templated":true}]}}