{"id":53959,"date":"2020-06-04T19:30:43","date_gmt":"2020-06-04T19:30:43","guid":{"rendered":"http:\/\/goiasemtempo.com.br\/home\/?p=53959"},"modified":"2020-06-04T19:30:43","modified_gmt":"2020-06-04T19:30:43","slug":"tse-autoriza-convencoes-partidarias-virtuais-para-eleicao-deste-ano","status":"publish","type":"post","link":"https:\/\/goiasemtempo.com.br\/home\/tse-autoriza-convencoes-partidarias-virtuais-para-eleicao-deste-ano\/","title":{"rendered":"TSE autoriza conven\u00e7\u00f5es partid\u00e1rias virtuais para elei\u00e7\u00e3o deste ano"},"content":{"rendered":"<div class=\"post-item-wrap\">\n<div>\n<p>O plen\u00e1rio do Tribunal Superior Eleitoral (TSE) autorizou hoje (4), por unanimidade, a realiza\u00e7\u00e3o de modo virtual das conven\u00e7\u00f5es partid\u00e1rias para a escolha dos candidatos nas elei\u00e7\u00f5es municipais deste ano, tendo em vista as recomenda\u00e7\u00f5es de distanciamento social durante a pandemia do novo coronav\u00edrus (covid-19).<\/p>\n<p>Pela decis\u00e3o, ficou estabelecido que os partidos t\u00eam liberdade de estabelecer regras e escolher os procedimentos para a realiza\u00e7\u00e3o das conven\u00e7\u00f5es virtuais, desde que garantam ampla publicidade a todos os filiados e atendam a todas exig\u00eancias da legisla\u00e7\u00e3o eleitoral j\u00e1 em vigor.<\/p>\n<p>A flexibiliza\u00e7\u00e3o foi autorizada em resposta a duas consultas feitas por deputados federais e a uma terceira feita pelo partido Republicanos.<\/p>\n<p>&#8220;No meu modo de ver, negar a ado\u00e7\u00e3o desse formato virtual no momento atual seria ignorar a realidade enfrentada no combate \u00e0 doen\u00e7a. Na seara espec\u00edfica do processo eleitoral, seria inviabilizar essa etapa imprescind\u00edvel \u00e0 realiza\u00e7\u00e3o de elei\u00e7\u00f5es democr\u00e1ticas e transparentes&#8221;, disse o relator das consultas, ministro Luis Felipe Salom\u00e3o, que foi acompanhado por todos os outros seis ministros que comp\u00f5em o TSE.<\/p>\n<p>O tribunal formar\u00e1 um grupo de trabalho para estabelecer regras de envio virtual dos resultados das conven\u00e7\u00f5es para a Justi\u00e7a Eleitoral. Uma norma sobre o tema deve ser votada ainda neste m\u00eas, segundo o presidente do TSE, ministro Lu\u00eds Roberto Barroso.<\/p>\n<p>De acordo com a legisla\u00e7\u00e3o eleitoral, as conven\u00e7\u00f5es, obrigat\u00f3rias para a escolha dos candidatos, devem ser realizadas por todos os partidos entre\u00a0<span id=\"OBJ_PREFIX_DWT538_com_zimbra_date\" role=\"link\"><span id=\"OBJ_PREFIX_DWT544_com_zimbra_date\" role=\"link\">20 de julho<\/span><\/span>\u00a0e\u00a0<span id=\"OBJ_PREFIX_DWT539_com_zimbra_date\" role=\"link\"><span id=\"OBJ_PREFIX_DWT545_com_zimbra_date\" role=\"link\">5 de agosto<\/span><\/span>. No mesmo julgamento desta\u00a0<span id=\"OBJ_PREFIX_DWT540_com_zimbra_date\" role=\"link\"><span id=\"OBJ_PREFIX_DWT546_com_zimbra_date\" role=\"link\">quinta<\/span><\/span>-feira (4), o TSE reafirmou que n\u00e3o pode alterar tais datas sem pr\u00e9via autoriza\u00e7\u00e3o do Congresso.<\/p>\n<\/div>\n<\/div>\n<p class=\"alt-font font-italic my-2 small text-info\">Edi\u00e7\u00e3o: Maria Claudia<\/p>\n","protected":false},"excerpt":{"rendered":"<p>O plen\u00e1rio do Tribunal Superior Eleitoral (TSE) autorizou hoje (4), por unanimidade, a realiza\u00e7\u00e3o de modo virtual das conven\u00e7\u00f5es partid\u00e1rias para a escolha dos candidatos nas elei\u00e7\u00f5es municipais deste ano, tendo em vista as recomenda\u00e7\u00f5es de distanciamento social durante a pandemia do novo coronav\u00edrus (covid-19). Pela decis\u00e3o, ficou estabelecido que os partidos t\u00eam liberdade de &hellip;<\/p>\n","protected":false},"author":3,"featured_media":53960,"comment_status":"open","ping_status":"open","sticky":false,"template":"","format":"standard","meta":{"_exactmetrics_skip_tracking":false,"_exactmetrics_sitenote_active":false,"_exactmetrics_sitenote_note":"","_exactmetrics_sitenote_category":0,"footnotes":""},"categories":[19],"tags":[],"_links":{"self":[{"href":"https:\/\/goiasemtempo.com.br\/home\/wp-json\/wp\/v2\/posts\/53959"}],"collection":[{"href":"https:\/\/goiasemtempo.com.br\/home\/wp-json\/wp\/v2\/posts"}],"about":[{"href":"https:\/\/goiasemtempo.com.br\/home\/wp-json\/wp\/v2\/types\/post"}],"author":[{"embeddable":true,"href":"https:\/\/goiasemtempo.com.br\/home\/wp-json\/wp\/v2\/users\/3"}],"replies":[{"embeddable":true,"href":"https:\/\/goiasemtempo.com.br\/home\/wp-json\/wp\/v2\/comments?post=53959"}],"version-history":[{"count":1,"href":"https:\/\/goiasemtempo.com.br\/home\/wp-json\/wp\/v2\/posts\/53959\/revisions"}],"predecessor-version":[{"id":53961,"href":"https:\/\/goiasemtempo.com.br\/home\/wp-json\/wp\/v2\/posts\/53959\/revisions\/53961"}],"wp:featuredmedia":[{"embeddable":true,"href":"https:\/\/goiasemtempo.com.br\/home\/wp-json\/wp\/v2\/media\/53960"}],"wp:attachment":[{"href":"https:\/\/goiasemtempo.com.br\/home\/wp-json\/wp\/v2\/media?parent=53959"}],"wp:term":[{"taxonomy":"category","embeddable":true,"href":"https:\/\/goiasemtempo.com.br\/home\/wp-json\/wp\/v2\/categories?post=53959"},{"taxonomy":"post_tag","embeddable":true,"href":"https:\/\/goiasemtempo.com.br\/home\/wp-json\/wp\/v2\/tags?post=53959"}],"curies":[{"name":"wp","href":"https:\/\/api.w.org\/{rel}","templated":true}]}}