{"id":53905,"date":"2020-06-03T01:39:07","date_gmt":"2020-06-03T01:39:07","guid":{"rendered":"http:\/\/goiasemtempo.com.br\/home\/?p=53905"},"modified":"2020-06-03T01:39:07","modified_gmt":"2020-06-03T01:39:07","slug":"moro-e-proibido-de-advogar-ou-atuar-no-setor-privado-por-6-meses","status":"publish","type":"post","link":"https:\/\/goiasemtempo.com.br\/home\/moro-e-proibido-de-advogar-ou-atuar-no-setor-privado-por-6-meses\/","title":{"rendered":"Moro \u00e9 proibido de advogar ou atuar no setor privado por 6 meses"},"content":{"rendered":"<p>A Comiss\u00e3o de \u00c9tica P\u00fablica da Presid\u00eancia decidiu nesta 3\u00aa feira (2.jun.2020) que o ex-ministro da Justi\u00e7a e Seguran\u00e7a P\u00fablica Sergio Moro ser\u00e1 obrigado a cumprir quarentena de 6 meses antes de voltar a trabalhar.<\/p>\n<p>A decis\u00e3o \u00e9 embasada na\u00a0<a href=\"http:\/\/www.planalto.gov.br\/ccivil_03\/_ato2011-2014\/2013\/lei\/l12813.htm\" target=\"_blank\" rel=\"noopener noreferrer\" data-id=\"265\" data-m=\"{&quot;i&quot;:265,&quot;p&quot;:205,&quot;n&quot;:&quot;partnerLink&quot;,&quot;y&quot;:24,&quot;o&quot;:2}\">Lei 12.813 de 2013<\/a>, que disp\u00f5e sobre conflito de interesses de ex-ocupantes de cargos p\u00fablicos, por terem acesso a informa\u00e7\u00f5es privilegiadas, no per\u00edodo imediatamente posterior \u00e0 sa\u00edda do cargo.<\/p>\n<p>Moro n\u00e3o poder\u00e1 atuar como advogado durante o per\u00edodo de 6 meses, mas est\u00e1 autorizado a dar aulas e a escrever artigos nesse per\u00edodo. Ele continuar\u00e1 a receber sal\u00e1rio do governo at\u00e9 o encerramento dessa quarentena.<\/p>\n<p>O ex-juiz da Lava Jato disse, em\u00a0<a href=\"https:\/\/www.poder360.com.br\/governo\/moro-reafirma-acusacao-a-bolsonaro-e-ve-falta-de-empenho-com-pauta-anticorrupcao\/\" target=\"_blank\" rel=\"noopener noreferrer\" data-id=\"266\" data-m=\"{&quot;i&quot;:266,&quot;p&quot;:205,&quot;n&quot;:&quot;partnerLink&quot;,&quot;y&quot;:24,&quot;o&quot;:3}\">entrevista<\/a>\u00a0\u00e0\u00a0<em>Globo<\/em>, que ainda n\u00e3o sabe quais ser\u00e3o seus pr\u00f3ximos passos. \u201c<em>Eu t\u00f4 encontrando uma maneira de me posicionar. Eu quero de alguma forma continuar a contribuir, seja na esfera privada ou no debate p\u00fablico\u201d<\/em>, disse.<\/p>\n<p>Moro deixou o governo em 24 de abril, assim que o ent\u00e3o diretor-geral da Pol\u00edcia Federal, Maur\u00edcio Valeixo, foi exonerado contra a sua vontade. At\u00e9 ent\u00e3o ministro mais popular do governo, ele pediu demiss\u00e3o fazendo acusa\u00e7\u00f5es ao presidente Jair Bolsonaro. Uma delas, a de que o presidente teria praticado interfer\u00eancia indevida na PF, \u00e9 objeto de 1 inqu\u00e9rito no STF (Supremo Tribunal Federal).<\/p>\n<p>A Comiss\u00e3o de \u00c9tica P\u00fablica da Presid\u00eancia ainda deve decidir sobre mais quest\u00f5es envolvendo o ex-ministro. Moro foi\u00a0<a href=\"https:\/\/www.poder360.com.br\/governo\/advogados-apresentam-denuncia-contra-moro-a-comissao-de-etica-da-presidencia\/\" target=\"_blank\" rel=\"noopener noreferrer\" data-id=\"271\" data-m=\"{&quot;i&quot;:271,&quot;p&quot;:205,&quot;n&quot;:&quot;partnerLink&quot;,&quot;y&quot;:24,&quot;o&quot;:8}\">denunciado ao colegiado por 1 grupo de advogados<\/a>\u00a0que viu viola\u00e7\u00e3o ao c\u00f3digo de \u00e9tica na divulga\u00e7\u00e3o de informa\u00e7\u00f5es privilegiadas por parte do ex-juiz.<\/p>\n","protected":false},"excerpt":{"rendered":"<p>A Comiss\u00e3o de \u00c9tica P\u00fablica da Presid\u00eancia decidiu nesta 3\u00aa feira (2.jun.2020) que o ex-ministro da Justi\u00e7a e Seguran\u00e7a P\u00fablica Sergio Moro ser\u00e1 obrigado a cumprir quarentena de 6 meses antes de voltar a trabalhar. A decis\u00e3o \u00e9 embasada na\u00a0Lei 12.813 de 2013, que disp\u00f5e sobre conflito de interesses de ex-ocupantes de cargos p\u00fablicos, por &hellip;<\/p>\n","protected":false},"author":3,"featured_media":53906,"comment_status":"open","ping_status":"open","sticky":false,"template":"","format":"standard","meta":{"footnotes":""},"categories":[4],"tags":[],"class_list":["post-53905","post","type-post","status-publish","format-standard","has-post-thumbnail","hentry","category-ultimas-noticias"],"_links":{"self":[{"href":"https:\/\/goiasemtempo.com.br\/home\/wp-json\/wp\/v2\/posts\/53905","targetHints":{"allow":["GET"]}}],"collection":[{"href":"https:\/\/goiasemtempo.com.br\/home\/wp-json\/wp\/v2\/posts"}],"about":[{"href":"https:\/\/goiasemtempo.com.br\/home\/wp-json\/wp\/v2\/types\/post"}],"author":[{"embeddable":true,"href":"https:\/\/goiasemtempo.com.br\/home\/wp-json\/wp\/v2\/users\/3"}],"replies":[{"embeddable":true,"href":"https:\/\/goiasemtempo.com.br\/home\/wp-json\/wp\/v2\/comments?post=53905"}],"version-history":[{"count":1,"href":"https:\/\/goiasemtempo.com.br\/home\/wp-json\/wp\/v2\/posts\/53905\/revisions"}],"predecessor-version":[{"id":53907,"href":"https:\/\/goiasemtempo.com.br\/home\/wp-json\/wp\/v2\/posts\/53905\/revisions\/53907"}],"wp:featuredmedia":[{"embeddable":true,"href":"https:\/\/goiasemtempo.com.br\/home\/wp-json\/wp\/v2\/media\/53906"}],"wp:attachment":[{"href":"https:\/\/goiasemtempo.com.br\/home\/wp-json\/wp\/v2\/media?parent=53905"}],"wp:term":[{"taxonomy":"category","embeddable":true,"href":"https:\/\/goiasemtempo.com.br\/home\/wp-json\/wp\/v2\/categories?post=53905"},{"taxonomy":"post_tag","embeddable":true,"href":"https:\/\/goiasemtempo.com.br\/home\/wp-json\/wp\/v2\/tags?post=53905"}],"curies":[{"name":"wp","href":"https:\/\/api.w.org\/{rel}","templated":true}]}}