{"id":53887,"date":"2020-06-02T21:27:03","date_gmt":"2020-06-02T21:27:03","guid":{"rendered":"http:\/\/goiasemtempo.com.br\/home\/?p=53887"},"modified":"2020-06-02T21:27:03","modified_gmt":"2020-06-02T21:27:03","slug":"advogados-apresentam-denuncia-contra-moro-a-comissao-de-etica","status":"publish","type":"post","link":"https:\/\/goiasemtempo.com.br\/home\/advogados-apresentam-denuncia-contra-moro-a-comissao-de-etica\/","title":{"rendered":"Advogados apresentam den\u00fancia contra Moro \u00e0 Comiss\u00e3o de \u00c9tica"},"content":{"rendered":"<p>Um grupo de advogados acionou nesta 3\u00aa feira (2.jun.2020) a Comiss\u00e3o de \u00c9tica P\u00fablica da Presid\u00eancia da Rep\u00fablica contra o ex-ministro da Justi\u00e7a Sergio Moro. O ex-juiz deixou a pasta alegando\u00a0<a href=\"https:\/\/www.poder360.com.br\/justica\/moro-falou-de-pressao-de-bolsonaro-a-pf-leia-a-integra-do-depoimento\/\" target=\"_blank\" rel=\"noopener noreferrer\" data-id=\"156\" data-m=\"{&quot;i&quot;:156,&quot;p&quot;:96,&quot;n&quot;:&quot;partnerLink&quot;,&quot;y&quot;:24,&quot;o&quot;:2}\">tentativa de interfer\u00eancia<\/a>\u00a0na Pol\u00edcia Federal por parte do presidente Jair Bolsonaro.<\/p>\n<p>Eis a\u00a0<a href=\"https:\/\/static.poder360.com.br\/2020\/06\/moro-denunciado-revelar-informacao.pdf\" target=\"_blank\" rel=\"noopener noreferrer\" data-id=\"157\" data-m=\"{&quot;i&quot;:157,&quot;p&quot;:96,&quot;n&quot;:&quot;partnerLink&quot;,&quot;y&quot;:24,&quot;o&quot;:3}\">\u00edntegra<\/a>\u00a0(384 KB) da representa\u00e7\u00e3o, que j\u00e1 \u00e9 a 2\u00aa apresentada pelos defensores \u00e0 Comiss\u00e3o.<\/p>\n<p>Os advogados denunciaram Moro por supostamente ter divulgado informa\u00e7\u00f5es privilegiadas, obtidas enquanto ministro. Citam como 1 dos exemplos entrevista ao canal de televis\u00e3o argentino\u00a0<em><a href=\"https:\/\/lnmas.lanacion.com.ar\/\" target=\"_blank\" rel=\"noopener noreferrer\" data-id=\"158\" data-m=\"{&quot;i&quot;:158,&quot;p&quot;:96,&quot;n&quot;:&quot;partnerLink&quot;,&quot;y&quot;:24,&quot;o&quot;:4}\">La Naci\u00f3n M\u00e1s<\/a>.\u00a0<\/em><\/p>\n<p>A den\u00fancia se refere a 1 coment\u00e1rio de Moro sobre uma visita do presidente da Argentina, Alberto Fern\u00e1ndez \u2013quando ainda candidato, ao ex-presidente do Brasil Luiz In\u00e1cio Lula da Silva. Na entrevista, o ex-juiz disse:\u00a0<em>\u201cNa \u00e9poca, achei que isso foi 1 pouco ofensivo. Sinceramente, achei que n\u00e3o fez bem para as rela\u00e7\u00f5es bilaterais. N\u00e3o foi muito apropriado\u201d<\/em>.<\/p>\n<p>Moro tamb\u00e9m destacou em sua fala que\u00a0<em>\u201ca rela\u00e7\u00e3o Brasil-Argentina tem de ficar acima de quest\u00f5es partid\u00e1rias\u201d<\/em>.<\/p>\n<p>Para os autores da den\u00fancia, o ex-ministro teria tratado de informa\u00e7\u00f5es privilegiadas e, assim, as afirma\u00e7\u00f5es consistem em infra\u00e7\u00e3o \u00e9tica.<\/p>\n<p>O grupo de advogados aponta que\u00a0<em>\u201ca informa\u00e7\u00e3o relativa a supostos preju\u00edzos causados \u00e0s rela\u00e7\u00f5es diplom\u00e1ticas entre Brasil e Argentina, divulgadas na entrevista referida, traduz 1 conte\u00fado logicamente sens\u00edvel e reservado \u00e0 alta c\u00fapula governamental e \u00e0s inst\u00e2ncias diplom\u00e1ticas\u201d<\/em>.<\/p>\n<p><em>\u201cFor\u00e7oso perceber a falta de cerim\u00f4nia e a irresponsabilidade com a qual o ex-ministro elabora 1 ju\u00edzo delicado, relativo a dificuldades nas rela\u00e7\u00f5es internacionais do Brasil com 1 dos seus principais parceiros geopol\u00edticos e comerciais\u201d<\/em>, argumentam os autores da den\u00fancia.<\/p>\n<h2>Reportagem de\u00a0<em>O Globo<\/em><\/h2>\n<p>A den\u00fancia tamb\u00e9m envolve not\u00edcia do jornal\u00a0<em>O Globo<\/em>\u00a0de que Moro teria\u00a0<em>\u201cinformado\u201d<\/em>\u00a0a Comiss\u00e3o de \u00c9tica que iria trabalhar como consultor. Para os advogados, seria ilegal ele exercer a fun\u00e7\u00e3o antes de completar 6 meses de desligamento do cargo de ministro da Justi\u00e7a e Seguran\u00e7a P\u00fablica.<\/p>\n<p><em>\u201cQuanto \u00e0 informa\u00e7\u00e3o veiculada pelo jornal\u00a0O Globo, a ex-autoridade ter\u00e1 incorrido, ainda, em inobserv\u00e2ncia ao dever \u00e9tico de negociar a sua contrata\u00e7\u00e3o para atividade de consultoria durante o per\u00edodo vedado pelo artigo 6 da\u00a0<a href=\"http:\/\/www.planalto.gov.br\/ccivil_03\/_ato2011-2014\/2013\/lei\/l12813.htm\" target=\"_blank\" rel=\"noopener noreferrer\" data-id=\"163\" data-m=\"{&quot;i&quot;:163,&quot;p&quot;:96,&quot;n&quot;:&quot;partnerLink&quot;,&quot;y&quot;:24,&quot;o&quot;:9}\">Lei 12.813\/13<\/a>, sob pena de configura\u00e7\u00e3o de conflito de interesse ap\u00f3s o exerc\u00edcio do cargo\u201d<\/em>, diz a den\u00fancia.<\/p>\n<p>Em nota, Sergio Moro declarou que\u00a0<em>\u201ca nova den\u00fancia \u00e9 ainda mais fraca do que a anterior\u201d<\/em>\u00a0e\u00a0<em>\u201cmais uma iniciativa vazia com vi\u00e9s pol\u00edtico-partid\u00e1rio\u201d.\u00a0<\/em><\/p>\n","protected":false},"excerpt":{"rendered":"<p>Um grupo de advogados acionou nesta 3\u00aa feira (2.jun.2020) a Comiss\u00e3o de \u00c9tica P\u00fablica da Presid\u00eancia da Rep\u00fablica contra o ex-ministro da Justi\u00e7a Sergio Moro. O ex-juiz deixou a pasta alegando\u00a0tentativa de interfer\u00eancia\u00a0na Pol\u00edcia Federal por parte do presidente Jair Bolsonaro. Eis a\u00a0\u00edntegra\u00a0(384 KB) da representa\u00e7\u00e3o, que j\u00e1 \u00e9 a 2\u00aa apresentada pelos defensores \u00e0 &hellip;<\/p>\n","protected":false},"author":3,"featured_media":53888,"comment_status":"open","ping_status":"open","sticky":false,"template":"","format":"standard","meta":{"_exactmetrics_skip_tracking":false,"_exactmetrics_sitenote_active":false,"_exactmetrics_sitenote_note":"","_exactmetrics_sitenote_category":0,"footnotes":""},"categories":[4],"tags":[],"_links":{"self":[{"href":"https:\/\/goiasemtempo.com.br\/home\/wp-json\/wp\/v2\/posts\/53887"}],"collection":[{"href":"https:\/\/goiasemtempo.com.br\/home\/wp-json\/wp\/v2\/posts"}],"about":[{"href":"https:\/\/goiasemtempo.com.br\/home\/wp-json\/wp\/v2\/types\/post"}],"author":[{"embeddable":true,"href":"https:\/\/goiasemtempo.com.br\/home\/wp-json\/wp\/v2\/users\/3"}],"replies":[{"embeddable":true,"href":"https:\/\/goiasemtempo.com.br\/home\/wp-json\/wp\/v2\/comments?post=53887"}],"version-history":[{"count":1,"href":"https:\/\/goiasemtempo.com.br\/home\/wp-json\/wp\/v2\/posts\/53887\/revisions"}],"predecessor-version":[{"id":53889,"href":"https:\/\/goiasemtempo.com.br\/home\/wp-json\/wp\/v2\/posts\/53887\/revisions\/53889"}],"wp:featuredmedia":[{"embeddable":true,"href":"https:\/\/goiasemtempo.com.br\/home\/wp-json\/wp\/v2\/media\/53888"}],"wp:attachment":[{"href":"https:\/\/goiasemtempo.com.br\/home\/wp-json\/wp\/v2\/media?parent=53887"}],"wp:term":[{"taxonomy":"category","embeddable":true,"href":"https:\/\/goiasemtempo.com.br\/home\/wp-json\/wp\/v2\/categories?post=53887"},{"taxonomy":"post_tag","embeddable":true,"href":"https:\/\/goiasemtempo.com.br\/home\/wp-json\/wp\/v2\/tags?post=53887"}],"curies":[{"name":"wp","href":"https:\/\/api.w.org\/{rel}","templated":true}]}}