{"id":53823,"date":"2020-06-01T18:55:07","date_gmt":"2020-06-01T18:55:07","guid":{"rendered":"http:\/\/goiasemtempo.com.br\/home\/?p=53823"},"modified":"2020-06-01T18:55:07","modified_gmt":"2020-06-01T18:55:07","slug":"o-que-e-o-artigo-142-da-constituicao-que-bolsonaro-citou","status":"publish","type":"post","link":"https:\/\/goiasemtempo.com.br\/home\/o-que-e-o-artigo-142-da-constituicao-que-bolsonaro-citou\/","title":{"rendered":"O que \u00e9 o artigo 142 da Constitui\u00e7\u00e3o, que Bolsonaro citou"},"content":{"rendered":"<p>O v\u00eddeo da reuni\u00e3o ministerial do governo Bolsonaro foi divulgado em meados de maio, mas continua a ter desdobramentos. Um dos principais envolve a refer\u00eancia que o presidente Jair Bolsonaro fez ao artigo 142 da Constitui\u00e7\u00e3o Federal, citando a possibilidade de &#8220;interven\u00e7\u00e3o&#8221; no pa\u00eds.<\/p>\n<p>&#8220;N\u00f3s queremos fazer cumprir o artigo 142 da Constitui\u00e7\u00e3o. Todo mundo quer fazer cumprir o artigo 142 da Constitui\u00e7\u00e3o. E, havendo necessidade, qualquer dos Poderes pode, n\u00e9? Pedir \u00e0s For\u00e7as Armadas que intervenham para restabelecer a ordem no Brasil&#8221;, disse Bolsonaro na reuni\u00e3o.<\/p>\n<p>Depois disso, o artigo come\u00e7ou a ser citado por apoiadores do presidente para defender a tese de que as For\u00e7as Armadas seriam uma esp\u00e9cie da mediador da queda de bra\u00e7os entre o presidente e o STF (Supremo Tribunal Federal), que autorizou investiga\u00e7\u00f5es envolvendo filhos de Bolsonaro. Nessa vis\u00e3o, o presidente poderia convoc\u00e1-las para intervir no poder judici\u00e1rio.<\/p>\n<p>O advogado Ives Gandra Martins tamb\u00e9m defendeu essa tese. No entanto, essa interpreta\u00e7\u00e3o \u00e9 considerada totalmente equivocada por juristas e professores de direito n\u00e3o ligados ao governo.<\/p>\n<p>Mas afinal, o que diz o artigo e o que ele significa?<\/p>\n<h3>Regramento militar<\/h3>\n<p>O artigo 142 da Constitui\u00e7\u00e3o n\u00e3o trata de divis\u00e3o entre os poderes, mas descreve o funcionamento das For\u00e7as Armadas. Segundo constitucionalistas, em nenhum momento ele autoriza qualquer poder a convoc\u00e1-lo para intervir em outro.<\/p>\n<p>O texto \u00e9 o seguinte:<\/p>\n<p>&#8220;As For\u00e7as Armadas, constitu\u00eddas pela Marinha, pelo Ex\u00e9rcito e pela Aeron\u00e1utica, s\u00e3o institui\u00e7\u00f5es nacionais permanentes e regulares, organizadas com base na hierarquia e na disciplina, sob a autoridade suprema do Presidente da Rep\u00fablica, e destinam-se \u00e0 defesa da P\u00e1tria, \u00e0 garantia dos poderes constitucionais e, por iniciativa de qualquer destes, da lei e da ordem.&#8221;<\/p>\n<p>Roberto Dias, professor de direito constitucional da FGV-SP (Funda\u00e7\u00e3o Get\u00falio Vargas), diz que &#8220;essa interpreta\u00e7\u00e3o de que esse artigo seria uma autoriza\u00e7\u00e3o para uma interven\u00e7\u00e3o militar \u00e9 absurda&#8221;.<\/p>\n<p>&#8220;\u00c9 como se a Constitui\u00e7\u00e3o previsse sua pr\u00f3pria ruptura, e logicamente \u00e9 algo que n\u00e3o faz sentido. \u00c9 uma interpreta\u00e7\u00e3o jur\u00eddica, pol\u00edtica e logicamente insustent\u00e1vel&#8221;, diz ele.<\/p>\n<p>Uma interven\u00e7\u00e3o militar \u00e9 uma ruptura da ordem constitucional, explica Dias, porque a separa\u00e7\u00e3o e independ\u00eancia de poderes e as garantias individuais s\u00e3o as principais bases da Carta.<\/p>\n<p>A an\u00e1lise \u00e9 mesma de outros juristas ouvidos pela BBC News Brasil, como a professora de direito Vania Aieta, da UERJ (Universidade do Estado do Rio de Janeiro).<\/p>\n<p>Ela explica que o fato de o artigo estabelecer as For\u00e7as Armadas sob a autoridade do presidente da Rep\u00fablica permite que ele o acione em caso de guerra com outros pa\u00edses, ou em casos como aux\u00edlio \u00e0 grandes eventos, como na Copa do Mundo. Mas n\u00e3o d\u00e1 \u00e0 ele o direito de intervir em outros poderes \u2014 muito pelo contr\u00e1rio, diz explicitamente que &#8220;s\u00e3o institui\u00e7\u00f5es nacionais permanentes e regulares&#8221; destinadas \u00e0 &#8220;\u00e0 garantia dos poderes constitucionais&#8221;, n\u00e3o \u00e0 interven\u00e7\u00e3o neles.<\/p>\n<p>Com Ag\u00eancia de Not\u00edcias\/<\/p>\n","protected":false},"excerpt":{"rendered":"<p>O v\u00eddeo da reuni\u00e3o ministerial do governo Bolsonaro foi divulgado em meados de maio, mas continua a ter desdobramentos. Um dos principais envolve a refer\u00eancia que o presidente Jair Bolsonaro fez ao artigo 142 da Constitui\u00e7\u00e3o Federal, citando a possibilidade de &#8220;interven\u00e7\u00e3o&#8221; no pa\u00eds. &#8220;N\u00f3s queremos fazer cumprir o artigo 142 da Constitui\u00e7\u00e3o. Todo mundo &hellip;<\/p>\n","protected":false},"author":3,"featured_media":53824,"comment_status":"open","ping_status":"open","sticky":false,"template":"","format":"standard","meta":{"_exactmetrics_skip_tracking":false,"_exactmetrics_sitenote_active":false,"_exactmetrics_sitenote_note":"","_exactmetrics_sitenote_category":0,"footnotes":""},"categories":[6],"tags":[],"_links":{"self":[{"href":"https:\/\/goiasemtempo.com.br\/home\/wp-json\/wp\/v2\/posts\/53823"}],"collection":[{"href":"https:\/\/goiasemtempo.com.br\/home\/wp-json\/wp\/v2\/posts"}],"about":[{"href":"https:\/\/goiasemtempo.com.br\/home\/wp-json\/wp\/v2\/types\/post"}],"author":[{"embeddable":true,"href":"https:\/\/goiasemtempo.com.br\/home\/wp-json\/wp\/v2\/users\/3"}],"replies":[{"embeddable":true,"href":"https:\/\/goiasemtempo.com.br\/home\/wp-json\/wp\/v2\/comments?post=53823"}],"version-history":[{"count":1,"href":"https:\/\/goiasemtempo.com.br\/home\/wp-json\/wp\/v2\/posts\/53823\/revisions"}],"predecessor-version":[{"id":53825,"href":"https:\/\/goiasemtempo.com.br\/home\/wp-json\/wp\/v2\/posts\/53823\/revisions\/53825"}],"wp:featuredmedia":[{"embeddable":true,"href":"https:\/\/goiasemtempo.com.br\/home\/wp-json\/wp\/v2\/media\/53824"}],"wp:attachment":[{"href":"https:\/\/goiasemtempo.com.br\/home\/wp-json\/wp\/v2\/media?parent=53823"}],"wp:term":[{"taxonomy":"category","embeddable":true,"href":"https:\/\/goiasemtempo.com.br\/home\/wp-json\/wp\/v2\/categories?post=53823"},{"taxonomy":"post_tag","embeddable":true,"href":"https:\/\/goiasemtempo.com.br\/home\/wp-json\/wp\/v2\/tags?post=53823"}],"curies":[{"name":"wp","href":"https:\/\/api.w.org\/{rel}","templated":true}]}}