{"id":53804,"date":"2020-06-01T18:27:15","date_gmt":"2020-06-01T18:27:15","guid":{"rendered":"http:\/\/goiasemtempo.com.br\/home\/?p=53804"},"modified":"2020-06-01T18:27:15","modified_gmt":"2020-06-01T18:27:15","slug":"em-prestacao-de-contas-iris-insinua-que-decreto-de-caiado-foi-um-desastre-para-a-economia-de-goiania","status":"publish","type":"post","link":"https:\/\/goiasemtempo.com.br\/home\/em-prestacao-de-contas-iris-insinua-que-decreto-de-caiado-foi-um-desastre-para-a-economia-de-goiania\/","title":{"rendered":"Em presta\u00e7\u00e3o de contas Iris insinua que  decreto de Caiado foi um desastre para a economia de Goi\u00e2nia"},"content":{"rendered":"<p>O fechamento do com\u00e9rcio determinado pelo decreto de quarentena do governador Ronaldo Caiado foi desastroso para as finan\u00e7as da prefeitura de Goi\u00e2nia. Foi essa a s\u00edntese do relat\u00f3rio financeiro quadrimestral entregue pelo prefeito Iris Rezende nesta segunda-feira (1\u00b0) \u00e0 C\u00e2mara de Vereadores.<\/p>\n<p>\u201cN\u00e3o critico o decreto do governo porque, como m\u00e9dico, o governador Caiado tem conhecimento muito mais profundo da sa\u00fade, mas o fechamento total do com\u00e9rcio foi e tem sido um desastre para a nossa economia\u201d, afirmou Iris.<\/p>\n<p>Apesar dos dois meses iniciais do quadrimestre apresentarem super\u00e1vit, o que ocorreu em fun\u00e7\u00e3o da receita do IPTU, os outros dois, principalmente o m\u00eas de abril, foram de queda acentuada na arrecada\u00e7\u00e3o municipal, com \u00a0perda estimada de R$ 623 milh\u00f5es.<\/p>\n<p>Iris assinalou que tem tomado medidas duras sem alarde para equilibrar as contas e manter o pagamento em dia da folha dos servidores municipais.<\/p>\n<p><strong>Presta\u00e7\u00e3o de Contas<\/strong><\/p>\n<div class=\"\">\n<div id=\"content\">\n<div id=\"content-core\">\n<div id=\"parent-fieldname-text\" class=\"plain\">\n<p>\u00a0O presidente do Legislativo, vereador Rom\u00e1rio Policarpo (Patriota), e os presidentes da Comiss\u00e3o Mista e da Comiss\u00e3o de Constitui\u00e7\u00e3o e Justi\u00e7a (CCJ), Lucas Kit\u00e3o (PSL) e Sabrina Garcez (PSD), receberam o relat\u00f3rio de gest\u00e3o em reuni\u00e3o com participantes e p\u00fablico reduzidos, em raz\u00e3o das medidas de distanciamento social de preven\u00e7\u00e3o da pandemia do novo coronav\u00edrus. Tamb\u00e9m participaram da reuni\u00e3o os vereadores Welington Peixoto (l\u00edder do prefeito na C\u00e2mara), Gustavo Cruvinel, Paulinho Graus e Juarez Lopes.<\/p>\n<p>O vereador Lucas Kit\u00e3o informou que a Comiss\u00e3o Mista, respons\u00e1vel pela realiza\u00e7\u00e3o da audi\u00eancia p\u00fablica da Presta\u00e7\u00e3o de Contas do Quadrimestre, vai promover uma sess\u00e3o remota para que o relat\u00f3rio seja apresentado aos 35 vereadores. O prefeito confirmou presen\u00e7a na videoconfer\u00eancia e disse que sua equipe econ\u00f4mica estar\u00e1 presente na reuni\u00e3o virtual para detalhar os n\u00fameros da gest\u00e3o relativos ao per\u00edodo entre janeiro e abril deste ano.<\/p>\n<p>Ao receber a presta\u00e7\u00e3o de contas, Rom\u00e1rio Policarpo reafirmou a determina\u00e7\u00e3o do Legislativo em atuar em parceria com a Prefeitura para atenuar o impacto da pandemia sobre as contas p\u00fablicas e a economia da capital. Iris afirmou que o munic\u00edpio e o pa\u00eds vivem &#8220;momento absolutamente in\u00e9dito&#8221; e que a administra\u00e7\u00e3o redobrou os esfor\u00e7os de conten\u00e7\u00e3o de gastos, de forma a garantir os recursos necess\u00e1rios ao enfrentamento da Covid-19 e manter o pagamento do funcionalismo em dia.<\/p>\n<\/div>\n<\/div>\n<div id=\"viewlet-below-content-body\">\n<div class=\"visualClear\"><\/div>\n<div class=\"documentActions\"><\/div>\n<\/div>\n<\/div>\n<\/div>\n<div id=\"viewlet-below-content\"><\/div>\n<p>&nbsp;<\/p>\n","protected":false},"excerpt":{"rendered":"<p>O fechamento do com\u00e9rcio determinado pelo decreto de quarentena do governador Ronaldo Caiado foi desastroso para as finan\u00e7as da prefeitura de Goi\u00e2nia. Foi essa a s\u00edntese do relat\u00f3rio financeiro quadrimestral entregue pelo prefeito Iris Rezende nesta segunda-feira (1\u00b0) \u00e0 C\u00e2mara de Vereadores. \u201cN\u00e3o critico o decreto do governo porque, como m\u00e9dico, o governador Caiado tem &hellip;<\/p>\n","protected":false},"author":3,"featured_media":53805,"comment_status":"open","ping_status":"open","sticky":false,"template":"","format":"standard","meta":{"_exactmetrics_skip_tracking":false,"_exactmetrics_sitenote_active":false,"_exactmetrics_sitenote_note":"","_exactmetrics_sitenote_category":0,"footnotes":""},"categories":[19],"tags":[],"_links":{"self":[{"href":"https:\/\/goiasemtempo.com.br\/home\/wp-json\/wp\/v2\/posts\/53804"}],"collection":[{"href":"https:\/\/goiasemtempo.com.br\/home\/wp-json\/wp\/v2\/posts"}],"about":[{"href":"https:\/\/goiasemtempo.com.br\/home\/wp-json\/wp\/v2\/types\/post"}],"author":[{"embeddable":true,"href":"https:\/\/goiasemtempo.com.br\/home\/wp-json\/wp\/v2\/users\/3"}],"replies":[{"embeddable":true,"href":"https:\/\/goiasemtempo.com.br\/home\/wp-json\/wp\/v2\/comments?post=53804"}],"version-history":[{"count":1,"href":"https:\/\/goiasemtempo.com.br\/home\/wp-json\/wp\/v2\/posts\/53804\/revisions"}],"predecessor-version":[{"id":53806,"href":"https:\/\/goiasemtempo.com.br\/home\/wp-json\/wp\/v2\/posts\/53804\/revisions\/53806"}],"wp:featuredmedia":[{"embeddable":true,"href":"https:\/\/goiasemtempo.com.br\/home\/wp-json\/wp\/v2\/media\/53805"}],"wp:attachment":[{"href":"https:\/\/goiasemtempo.com.br\/home\/wp-json\/wp\/v2\/media?parent=53804"}],"wp:term":[{"taxonomy":"category","embeddable":true,"href":"https:\/\/goiasemtempo.com.br\/home\/wp-json\/wp\/v2\/categories?post=53804"},{"taxonomy":"post_tag","embeddable":true,"href":"https:\/\/goiasemtempo.com.br\/home\/wp-json\/wp\/v2\/tags?post=53804"}],"curies":[{"name":"wp","href":"https:\/\/api.w.org\/{rel}","templated":true}]}}