{"id":53718,"date":"2020-05-28T00:50:53","date_gmt":"2020-05-28T00:50:53","guid":{"rendered":"http:\/\/goiasemtempo.com.br\/home\/?p=53718"},"modified":"2020-05-28T00:50:53","modified_gmt":"2020-05-28T00:50:53","slug":"cantor-gospel-diz-que-nao-acredita-em-deus-e-choca-fas","status":"publish","type":"post","link":"https:\/\/goiasemtempo.com.br\/home\/cantor-gospel-diz-que-nao-acredita-em-deus-e-choca-fas\/","title":{"rendered":"Cantor gospel diz que n\u00e3o acredita em Deus e choca f\u00e3s"},"content":{"rendered":"<p><strong>Jon Steingard<\/strong>, l\u00edder da banda gospel\u00a0<strong>Hawk Nelson<\/strong>, chocou seus f\u00e3s ao anunciar que n\u00e3o acredita mais em Deus. Em suas redes sociais, o cantor, que \u00e9 filho de um pastor, revelou ainda que demorou a fazer esse an\u00fancio.<\/p>\n<p>\u201cFiquei com medo de postar isso por um tempo \u2013 mas parece que \u00e9 hora de ser sincero\u201d, destacou Jon. \u201cDepois de crescer em um lar crist\u00e3o, ser filho de pastor, tocar e cantar em uma banda crist\u00e3, e ter a palavra \u2018crist\u00e3o\u2019 na frente da maioria das coisas da minha vida \u2013 agora estou descobrindo que n\u00e3o acredito mais em Deus\u201d, seguiu.<\/p>\n<div id=\"aol_outstream_article\" data-bcid=\"56603651bbe5bf10d057f868\" data-id=\"90\" data-m=\"{&quot;i&quot;:90,&quot;p&quot;:87,&quot;n&quot;:&quot;aol-article-inlineOutstreamAd&quot;,&quot;t&quot;:&quot;AolInlineOutstreamAd&quot;,&quot;o&quot;:3}\">\n<div id=\"590760c31de5a10537b6f1b3\" class=\"vdb_player \">\n<div><\/div>\n<div id=\"vdb_04c825a6-7c6f-4d73-b4b2-a4263a5f709e\">\n<div>No longo texto publicado por ele, o m\u00fasico fala tamb\u00e9m sobre como come\u00e7ou a ter d\u00favidas sobre a exist\u00eancia de Deus. \u201cComecei a ter quest\u00f5es e d\u00favidas sobre isso. Pareceu que havia muitas contradi\u00e7\u00f5es na B\u00edblia que n\u00e3o faziam sentido\u201d, explicou.<\/div>\n<\/div>\n<\/div>\n<\/div>\n<p>\u201cSe Deus \u00e9 todo amor e todo poderoso, por que h\u00e1 tanta maldade no mundo? Ele n\u00e3o pode fazer nada sobre isso? Ele escolhe n\u00e3o fazer? A maldade no mundo \u00e9 um resultado de seu desejo de nos dar liberdade? Se Deus \u00e9 amor, por que ele manda as pessoas para o inferno?\u201d, completou.<\/p>\n<p><strong>Confira a publica\u00e7\u00e3o abaixo:<\/strong><\/p>\n<div><iframe id=\"instagram-embed-0\" class=\"instagram-media ig-em-bq instagram-media-rendered\" src=\"https:\/\/www.instagram.com\/p\/CAbHm10lt7w\/embed\/captioned\/?cr=1&amp;v=8&amp;wp=500&amp;rd=https%3A%2F%2Fwww.msn.com&amp;rp=%2Fpt-br%2Fentretenimento%2Ffamosos%2Fcantor-gospel-choca-f%25c3%25a3s-ao-dizer-que-n%25c3%25a3o-acredita-mais-em-deus%2Far-BB14FxGs%3Fli%3DAAggXC1#%7B%22ci%22%3A0%2C%22os%22%3A3307.710000000043%2C%22ls%22%3A2743.285000000469%2C%22le%22%3A2777.610000000095%7D\" height=\"1023\" frameborder=\"0\" scrolling=\"no\" allowfullscreen=\"allowfullscreen\" data-instgrm-payload-id=\"instagram-media-payload-0\" data-mce-fragment=\"1\"><\/iframe>____________________<\/p>\n<\/div>\n","protected":false},"excerpt":{"rendered":"<p>Jon Steingard, l\u00edder da banda gospel\u00a0Hawk Nelson, chocou seus f\u00e3s ao anunciar que n\u00e3o acredita mais em Deus. Em suas redes sociais, o cantor, que \u00e9 filho de um pastor, revelou ainda que demorou a fazer esse an\u00fancio. \u201cFiquei com medo de postar isso por um tempo \u2013 mas parece que \u00e9 hora de ser &hellip;<\/p>\n","protected":false},"author":3,"featured_media":53719,"comment_status":"open","ping_status":"open","sticky":false,"template":"","format":"standard","meta":{"_exactmetrics_skip_tracking":false,"_exactmetrics_sitenote_active":false,"_exactmetrics_sitenote_note":"","_exactmetrics_sitenote_category":0,"footnotes":""},"categories":[12],"tags":[],"_links":{"self":[{"href":"https:\/\/goiasemtempo.com.br\/home\/wp-json\/wp\/v2\/posts\/53718"}],"collection":[{"href":"https:\/\/goiasemtempo.com.br\/home\/wp-json\/wp\/v2\/posts"}],"about":[{"href":"https:\/\/goiasemtempo.com.br\/home\/wp-json\/wp\/v2\/types\/post"}],"author":[{"embeddable":true,"href":"https:\/\/goiasemtempo.com.br\/home\/wp-json\/wp\/v2\/users\/3"}],"replies":[{"embeddable":true,"href":"https:\/\/goiasemtempo.com.br\/home\/wp-json\/wp\/v2\/comments?post=53718"}],"version-history":[{"count":1,"href":"https:\/\/goiasemtempo.com.br\/home\/wp-json\/wp\/v2\/posts\/53718\/revisions"}],"predecessor-version":[{"id":53720,"href":"https:\/\/goiasemtempo.com.br\/home\/wp-json\/wp\/v2\/posts\/53718\/revisions\/53720"}],"wp:featuredmedia":[{"embeddable":true,"href":"https:\/\/goiasemtempo.com.br\/home\/wp-json\/wp\/v2\/media\/53719"}],"wp:attachment":[{"href":"https:\/\/goiasemtempo.com.br\/home\/wp-json\/wp\/v2\/media?parent=53718"}],"wp:term":[{"taxonomy":"category","embeddable":true,"href":"https:\/\/goiasemtempo.com.br\/home\/wp-json\/wp\/v2\/categories?post=53718"},{"taxonomy":"post_tag","embeddable":true,"href":"https:\/\/goiasemtempo.com.br\/home\/wp-json\/wp\/v2\/tags?post=53718"}],"curies":[{"name":"wp","href":"https:\/\/api.w.org\/{rel}","templated":true}]}}