{"id":53589,"date":"2020-05-24T18:10:10","date_gmt":"2020-05-24T18:10:10","guid":{"rendered":"http:\/\/goiasemtempo.com.br\/home\/?p=53589"},"modified":"2020-05-24T18:10:10","modified_gmt":"2020-05-24T18:10:10","slug":"correios-serao-opcao-para-fazer-cadastro-para-auxilio-emergencial","status":"publish","type":"post","link":"https:\/\/goiasemtempo.com.br\/home\/correios-serao-opcao-para-fazer-cadastro-para-auxilio-emergencial\/","title":{"rendered":"Correios ser\u00e3o op\u00e7\u00e3o para fazer cadastro para aux\u00edlio emergencial"},"content":{"rendered":"<p>A partir de junho, as ag\u00eancias dos Correios ser\u00e3o uma op\u00e7\u00e3o para quem quer fazer o cadastro para receber o\u00a0<a href=\"https:\/\/agenciabrasil.ebc.com.br\/geral\/noticia\/2020-04\/confira-como-pedir-renda-basica-emergencial-de-r-600]\" target=\"_blank\" rel=\"noopener\">aux\u00edlio emergencial do governo<\/a>, benef\u00edcio de\u00a0R$ 600 mensais (R$ 1,2 mil para m\u00e3es solteiras) pago a trabalhadores informais, microempreendedores individuais, aut\u00f4nomos e desempregados\u00a0para amenizar os impactos do isolamento social adotado devido \u00e0 pandemia do novo coronav\u00edrus.<\/p>\n<p>At\u00e9 este s\u00e1bado (23), a\u00a0Caixa Econ\u00f4mica Federal\u00a0<a href=\"https:\/\/agenciabrasil.ebc.com.br\/economia\/noticia\/2020-05\/caixa-pagou-ate-este-sabado-r-60-bilhoes-em-auxilio-emergencial\" target=\"_blank\" rel=\"noopener\">pagou R$ 60 bilh\u00f5es\u00a0<\/a>de aux\u00edlio emergencial, somadas as primeiras e segunda parcelas. No total, 55,1 milh\u00f5es de pessoas receberam a primeira parcela, enquanto a segunda parcela alcan\u00e7ou 30,4 milh\u00f5es.<\/p>\n<p>Nota divulgada pelos Correios esclarece que o\u00a0in\u00edcio da presta\u00e7\u00e3o de apoio das ag\u00eancias postais neste\u00a0cadastramento ser\u00e1 em junho, mas ainda n\u00e3o tem data definida.<\/p>\n<p>Conforme a nota, \u201cas ag\u00eancias est\u00e3o, nesse momento, em processo de adapta\u00e7\u00e3o dos sistemas para realiza\u00e7\u00e3o do servi\u00e7o.\u201d A estatal promete que \u201ca data de in\u00edcio do atendimento, as formas de acesso da popula\u00e7\u00e3o e demais procedimentos ser\u00e3o amplamente divulgados pelos canais oficiais da empresa.\u201d<\/p>\n","protected":false},"excerpt":{"rendered":"<p>A partir de junho, as ag\u00eancias dos Correios ser\u00e3o uma op\u00e7\u00e3o para quem quer fazer o cadastro para receber o\u00a0aux\u00edlio emergencial do governo, benef\u00edcio de\u00a0R$ 600 mensais (R$ 1,2 mil para m\u00e3es solteiras) pago a trabalhadores informais, microempreendedores individuais, aut\u00f4nomos e desempregados\u00a0para amenizar os impactos do isolamento social adotado devido \u00e0 pandemia do novo coronav\u00edrus. &hellip;<\/p>\n","protected":false},"author":3,"featured_media":53590,"comment_status":"open","ping_status":"open","sticky":false,"template":"","format":"standard","meta":{"_exactmetrics_skip_tracking":false,"_exactmetrics_sitenote_active":false,"_exactmetrics_sitenote_note":"","_exactmetrics_sitenote_category":0,"footnotes":""},"categories":[45],"tags":[],"_links":{"self":[{"href":"https:\/\/goiasemtempo.com.br\/home\/wp-json\/wp\/v2\/posts\/53589"}],"collection":[{"href":"https:\/\/goiasemtempo.com.br\/home\/wp-json\/wp\/v2\/posts"}],"about":[{"href":"https:\/\/goiasemtempo.com.br\/home\/wp-json\/wp\/v2\/types\/post"}],"author":[{"embeddable":true,"href":"https:\/\/goiasemtempo.com.br\/home\/wp-json\/wp\/v2\/users\/3"}],"replies":[{"embeddable":true,"href":"https:\/\/goiasemtempo.com.br\/home\/wp-json\/wp\/v2\/comments?post=53589"}],"version-history":[{"count":1,"href":"https:\/\/goiasemtempo.com.br\/home\/wp-json\/wp\/v2\/posts\/53589\/revisions"}],"predecessor-version":[{"id":53591,"href":"https:\/\/goiasemtempo.com.br\/home\/wp-json\/wp\/v2\/posts\/53589\/revisions\/53591"}],"wp:featuredmedia":[{"embeddable":true,"href":"https:\/\/goiasemtempo.com.br\/home\/wp-json\/wp\/v2\/media\/53590"}],"wp:attachment":[{"href":"https:\/\/goiasemtempo.com.br\/home\/wp-json\/wp\/v2\/media?parent=53589"}],"wp:term":[{"taxonomy":"category","embeddable":true,"href":"https:\/\/goiasemtempo.com.br\/home\/wp-json\/wp\/v2\/categories?post=53589"},{"taxonomy":"post_tag","embeddable":true,"href":"https:\/\/goiasemtempo.com.br\/home\/wp-json\/wp\/v2\/tags?post=53589"}],"curies":[{"name":"wp","href":"https:\/\/api.w.org\/{rel}","templated":true}]}}